{"id":21509,"date":"2021-05-30T19:15:18","date_gmt":"2021-05-30T22:15:18","guid":{"rendered":"https:\/\/infovera.com.ar\/web\/?p=21509"},"modified":"2021-05-31T21:20:15","modified_gmt":"2021-06-01T00:20:15","slug":"vera-toba-y-los-amores-tuvieron-casos-positivos-nuevos-este-domingo","status":"publish","type":"post","link":"https:\/\/infovera.com.ar\/web\/2021\/05\/30\/vera-toba-y-los-amores-tuvieron-casos-positivos-nuevos-este-domingo\/","title":{"rendered":"Vera, Toba y Los Amores tuvieron casos positivos nuevos este domingo"},"content":{"rendered":"<p><strong>Covid-19 Informe diario &#8211; Departamento Vera &#8211; Comit\u00e9 departamental de emergencia por Coronavirus.<\/strong><\/p>\n<p><span style=\"color: #ff0000;\"><strong>VERA<\/strong><\/span><br \/>\n<span style=\"color: #ff0000;\"><strong>Positivos nuevos 6. (Determinados por m\u00e9todo AG).<\/strong><\/span><br \/>\nResultados Negativos 3. (Determinados por m\u00e9todo AG).<br \/>\nSospechosos 5.<br \/>\nCasos positivos acumulados 1328.<br \/>\nTotal de Recuperados 1188. (En el d\u00eda de la fecha se otorgaron 11 altas).<br \/>\nFallecidos acumulados 27.<br \/>\nPositivos Activos 113.<br \/>\n<strong><span style=\"color: #339966;\">Internados 7. (6 en el hospital de Vera; 1 en el hospital central de Reconquista).<\/span><\/strong><br \/>\nPersonas en aislamiento preventivo: 354.<\/p>\n<p><strong>CALCHAQU\u00cd<\/strong><br \/>\n<strong>Sospechosos 4. (A la espera de los resultados por PCR).<\/strong><br \/>\nCasos positivos acumulados 618.<br \/>\nTotal de Recuperados 568. (En el d\u00eda de la fecha se otorgaron 4 altas).<br \/>\nFallecidos acumulados 24.<br \/>\nPositivos Activos 26.<br \/>\n<strong><span style=\"color: #339966;\">Internados 5. (3 en el Samco de Calchaqu\u00ed; 2 en centro de mayor complejidad).<\/span><\/strong><br \/>\nPersonas en aislamiento preventivo: 40.<\/p>\n<p><strong>MARGARITA<\/strong><br \/>\nCasos positivos acumulados 229.<br \/>\nTotal de Recuperados 208.<br \/>\nFallecidos acumulados 5.<br \/>\nPositivos Activos 16.<br \/>\nInternados 1. (En el hospital de Vera).<br \/>\nPersonas en aislamiento preventivo: 37.<\/p>\n<p><strong>LA GALLARETA<\/strong><br \/>\n<strong>Sospechosos 5. (En sus domicilios; a la espera de 3 resultados por PCR).<\/strong><br \/>\nCasos positivos acumulados 75.<br \/>\nTotal de Recuperados 60.<br \/>\nFallecidos acumulados 2.<br \/>\nPositivos Activos 13.<br \/>\nInternados 1. (En el hospital de Vera).<br \/>\nPersonas en aislamiento preventivo: 38. (Por tener contacto estrecho con un caso positivo y con un caso sospechoso).<\/p>\n<p><strong>FORTIN OLMOS<\/strong><br \/>\n<strong>Sospechosos 6. (1 internado en el Samco local, resto en sus domicilios).<\/strong><br \/>\nCasos positivos acumulados 78.<br \/>\nTotal de Recuperados 59. (En el d\u00eda de la fecha se otorgaron 2 altas).<br \/>\nFallecidos acumulados 3.<br \/>\nPositivos Activos 16.<br \/>\nInternados 2. (1 en el hospital local; 1 en el hospital de Vera).<br \/>\nPersonas en aislamiento preventivo: 72. (Por tener contacto estrecho con un caso positivo y con un caso sospechoso).<br \/>\nInforme de fecha 30\/05\/2021. 20,00 hs.<\/p>\n<p><span style=\"color: #ff0000;\"><strong>INTIYACO<\/strong><\/span><br \/>\n<span style=\"color: #ff0000;\"><strong>Positivos nuevos 1.<\/strong><\/span><br \/>\nSospechosos 10. (A la espera de 7 resultados por PCR).<br \/>\nCasos positivos acumulados 117.<br \/>\nTotal de Recuperados 82. (En el d\u00eda de la fecha se otorg\u00f3 1 alta).<br \/>\nFallecidos acumulados 1.<br \/>\nPositivos Activos 34.<br \/>\n<strong><span style=\"color: #339966;\">Internados 1. (En el hospital de campa\u00f1a de Reconquista).<\/span><\/strong><br \/>\nPersonas en aislamiento preventivo: 55. (37 por tener contacto estrecho con un caso positivo; 18 por contacto estrecho con un caso sospechoso).<\/p>\n<p><strong>GARABATO<\/strong><br \/>\nCasos positivos acumulados 37.<br \/>\nTotal de Recuperados 24.<br \/>\nFallecidos acumulados 4.<br \/>\nPositivos Activos 9.<br \/>\nInternados 1. (En el hospital de Vera).<br \/>\nPersonas en aislamiento preventivo: 8. (Por tener contacto estrecho con un caso positivo).<\/p>\n<p><strong>TARTAGAL<\/strong><br \/>\n<strong>Sospechosos 13.<\/strong><br \/>\nCasos positivos acumulados 83.<br \/>\nTotal de Recuperados 43.<br \/>\nFallecidos acumulados 4.<br \/>\nPositivos Activos 36.<br \/>\nInternados 1. (En el hospital local).<br \/>\nPersonas en aislamiento preventivo: 63.<\/p>\n<p><span style=\"color: #ff0000;\"><strong>TOBA<\/strong><\/span><br \/>\n<span style=\"color: #ff0000;\"><strong>Positivos nuevos 4. (Determinados por m\u00e9todo AG).<\/strong><\/span><br \/>\nSospechosos 6.<br \/>\nCasos positivos acumulados 22.<br \/>\nTotal de Recuperados 17. (En el d\u00eda de la fecha se otorgaron 2 altas).<br \/>\nPositivos Activos 5. (En sus domicilios con s\u00edntomas leves).<br \/>\nPersonas en aislamiento preventivo: 25.<\/p>\n<p><strong>GOLONDRINA<\/strong><br \/>\nCasos positivos acumulados 28.<br \/>\nTotal de Recuperados 12.<br \/>\nPositivos Activos 16. (En sus domicilios con buen estado de salud).<br \/>\nPersonas en aislamiento preventivo: 0.<\/p>\n<p><strong>LOS AMORES<\/strong><br \/>\n<strong>Positivos nuevos 1.<\/strong><br \/>\nSospechosos 18.<br \/>\nCasos positivos acumulados 53.<br \/>\nTotal de Recuperados 16. (En el d\u00eda de la fecha se otorgaron 3 altas)<br \/>\nPositivos Activos 37.<br \/>\n<strong><span style=\"color: #339966;\">Internados 3. (1 en el hospital local; 2 en el hospital central de Reconquista).<\/span><\/strong><br \/>\nPersonas en aislamiento preventivo: 104. (Por tener contacto estrecho con un caso positivo).<\/p>\n<p><strong>CA\u00d1ADA OMB\u00da<\/strong><br \/>\nCasos positivos acumulados 2.<br \/>\nTotal de Recuperados 2.<br \/>\nPersonas en aislamiento preventivo: 11. (Por tener contacto estrecho con un caso<br \/>\nsospechoso).<\/p>\n<p><strong>LOS TABANOS<\/strong><br \/>\nCasos positivos acumulados 8.<br \/>\nTotal de Recuperados 0.<br \/>\nFallecidos acumulados 1.<br \/>\nPositivos Activos 7. (En sus domicilios con buen estado de salud).<br \/>\nPersonas en aislamiento preventivo: 0.<\/p>\n<p>RESTO DE LAS LOCALIDADES DEL DEPARTAMENTO<br \/>\nSin Novedades<\/p>\n","protected":false},"excerpt":{"rendered":"<p>Covid-19 Informe diario &#8211; Departamento Vera &#8211; Comit\u00e9 departamental de emergencia por Coronavirus. VERA Positivos nuevos 6. (Determinados por m\u00e9todo AG). Resultados Negativos 3. (Determinados por m\u00e9todo AG). Sospechosos 5. Casos positivos acumulados 1328. Total de Recuperados 1188. (En el d\u00eda de la fecha se otorgaron 11 altas). Fallecidos acumulados 27. Positivos Activos 113. Internados [&hellip;]<\/p>\n","protected":false},"author":3,"featured_media":21518,"comment_status":"open","ping_status":"open","sticky":false,"template":"","format":"standard","meta":{"_joinchat":[],"footnotes":""},"categories":[51],"tags":[],"class_list":{"0":"post-21509","1":"post","2":"type-post","3":"status-publish","4":"format-standard","5":"has-post-thumbnail","7":"category-locales"},"_links":{"self":[{"href":"https:\/\/infovera.com.ar\/web\/wp-json\/wp\/v2\/posts\/21509","targetHints":{"allow":["GET"]}}],"collection":[{"href":"https:\/\/infovera.com.ar\/web\/wp-json\/wp\/v2\/posts"}],"about":[{"href":"https:\/\/infovera.com.ar\/web\/wp-json\/wp\/v2\/types\/post"}],"author":[{"embeddable":true,"href":"https:\/\/infovera.com.ar\/web\/wp-json\/wp\/v2\/users\/3"}],"replies":[{"embeddable":true,"href":"https:\/\/infovera.com.ar\/web\/wp-json\/wp\/v2\/comments?post=21509"}],"version-history":[{"count":0,"href":"https:\/\/infovera.com.ar\/web\/wp-json\/wp\/v2\/posts\/21509\/revisions"}],"wp:featuredmedia":[{"embeddable":true,"href":"https:\/\/infovera.com.ar\/web\/wp-json\/wp\/v2\/media\/21518"}],"wp:attachment":[{"href":"https:\/\/infovera.com.ar\/web\/wp-json\/wp\/v2\/media?parent=21509"}],"wp:term":[{"taxonomy":"category","embeddable":true,"href":"https:\/\/infovera.com.ar\/web\/wp-json\/wp\/v2\/categories?post=21509"},{"taxonomy":"post_tag","embeddable":true,"href":"https:\/\/infovera.com.ar\/web\/wp-json\/wp\/v2\/tags?post=21509"}],"curies":[{"name":"wp","href":"https:\/\/api.w.org\/{rel}","templated":true}]}}