{"id":21488,"date":"2021-05-30T19:17:37","date_gmt":"2021-05-30T22:17:37","guid":{"rendered":"https:\/\/infovera.com.ar\/web\/?p=21488"},"modified":"2021-06-01T10:37:40","modified_gmt":"2021-06-01T13:37:40","slug":"el-pro-y-la-ucr-se-unen-en-juntos-por-el-cambio-con-candidatos-propios-en-vera","status":"publish","type":"post","link":"https:\/\/infovera.com.ar\/web\/2021\/05\/30\/el-pro-y-la-ucr-se-unen-en-juntos-por-el-cambio-con-candidatos-propios-en-vera\/","title":{"rendered":"El PRO y la UCR se unen en Juntos por el Cambio con candidatos propios en Vera"},"content":{"rendered":"<p><strong>Esta tarde se termin\u00f3 de cerrar el acuerdo pol\u00edtico que da origen a una coalicion entre el PRO y la UCR en Vera.<\/strong><\/p>\n<p>Ambos partidos se presentar\u00e1n contenidos en una lista de Juntos por el Cambio.<\/p>\n<p>Dirigentes del PRO y UCR confirmaron la noticia a <strong>InfoVera: <\/strong>&#8220;Ya tenemos candidatos y estamos esperando los plazos legales de presentaci\u00f3n de lista&#8221;, manifestaron.<\/p>\n<p>Consultados sobre los nombres que integrar\u00e1n la n\u00f3mina electoral del JxC, dijeron que en los pr\u00f3ximos d\u00edas ser\u00e1n presentados oficialmente a la sociedad.<\/p>\n<p>Paralelamente, dejaron en claro que si bien el ex intendente Reynaldo Fabbroni contin\u00faa en el Frente Progresista, &#8220;otro equipo de la UCR se suma a JxC y ya est\u00e1 la alianza definida y cerrada&#8221;.<\/p>\n<p>De esta manera, Juntos por el Cambio avanza en la consolidaci\u00f3n de su armado electoral con vistas a las elecciones legislativas de este a\u00f1o, y se muestra fortalecido tras dejar definitivamente atr\u00e1s la baja que signific\u00f3 el pase de Paula Mitre al partido CREO que conduce el intendente de Rosario, Pablo Javkin.<\/p>\n<p>&nbsp;<\/p>\n","protected":false},"excerpt":{"rendered":"<p>Esta tarde se termin\u00f3 de cerrar el acuerdo pol\u00edtico que da origen a una coalicion entre el PRO y la UCR en Vera. Ambos partidos se presentar\u00e1n contenidos en una lista de Juntos por el Cambio. Dirigentes del PRO y UCR confirmaron la noticia a InfoVera: &#8220;Ya tenemos candidatos y estamos esperando los plazos legales [&hellip;]<\/p>\n","protected":false},"author":3,"featured_media":21492,"comment_status":"open","ping_status":"open","sticky":false,"template":"","format":"standard","meta":{"_joinchat":[],"footnotes":""},"categories":[53],"tags":[],"class_list":{"0":"post-21488","1":"post","2":"type-post","3":"status-publish","4":"format-standard","5":"has-post-thumbnail","7":"category-vera"},"_links":{"self":[{"href":"https:\/\/infovera.com.ar\/web\/wp-json\/wp\/v2\/posts\/21488","targetHints":{"allow":["GET"]}}],"collection":[{"href":"https:\/\/infovera.com.ar\/web\/wp-json\/wp\/v2\/posts"}],"about":[{"href":"https:\/\/infovera.com.ar\/web\/wp-json\/wp\/v2\/types\/post"}],"author":[{"embeddable":true,"href":"https:\/\/infovera.com.ar\/web\/wp-json\/wp\/v2\/users\/3"}],"replies":[{"embeddable":true,"href":"https:\/\/infovera.com.ar\/web\/wp-json\/wp\/v2\/comments?post=21488"}],"version-history":[{"count":0,"href":"https:\/\/infovera.com.ar\/web\/wp-json\/wp\/v2\/posts\/21488\/revisions"}],"wp:featuredmedia":[{"embeddable":true,"href":"https:\/\/infovera.com.ar\/web\/wp-json\/wp\/v2\/media\/21492"}],"wp:attachment":[{"href":"https:\/\/infovera.com.ar\/web\/wp-json\/wp\/v2\/media?parent=21488"}],"wp:term":[{"taxonomy":"category","embeddable":true,"href":"https:\/\/infovera.com.ar\/web\/wp-json\/wp\/v2\/categories?post=21488"},{"taxonomy":"post_tag","embeddable":true,"href":"https:\/\/infovera.com.ar\/web\/wp-json\/wp\/v2\/tags?post=21488"}],"curies":[{"name":"wp","href":"https:\/\/api.w.org\/{rel}","templated":true}]}}