{"id":21419,"date":"2021-05-28T11:41:04","date_gmt":"2021-05-28T14:41:04","guid":{"rendered":"https:\/\/infovera.com.ar\/web\/?p=21419"},"modified":"2021-05-28T11:41:04","modified_gmt":"2021-05-28T14:41:04","slug":"iapos-advierten-que-una-modificacion-del-convenio-con-sanatorios-pone-en-riesgo-la-atencion-de-mas-de-165-mil-afiliados","status":"publish","type":"post","link":"https:\/\/infovera.com.ar\/web\/2021\/05\/28\/iapos-advierten-que-una-modificacion-del-convenio-con-sanatorios-pone-en-riesgo-la-atencion-de-mas-de-165-mil-afiliados\/","title":{"rendered":"IAPOS: advierten que una modificaci\u00f3n del convenio con sanatorios pone en riesgo la atenci\u00f3n de m\u00e1s de 165 mil afiliados"},"content":{"rendered":"<p><strong>El bloque de diputadas y diputados socialistas ingres\u00f3 un pedido de informes ante la posibilidad de cambios que podr\u00edan poner en riesgo la salud y la calidad de atenci\u00f3n de agentes p\u00fablicos y sus familias.<\/strong><\/p>\n<p>Con el objetivo de resguardar la salud y la calidad prestacional de quienes pertenecen a la obra social IAPOS, el bloque de diputadas y diputados socialistas y la concejala rosarina Ver\u00f3nica Irizar expresaron su preocupaci\u00f3n por el cambio que pretende imponer la direcci\u00f3n de la obra social provincial al convenio con sanatorios, cl\u00ednicas y profesionales, que podr\u00eda afectar considerablemente la atenci\u00f3n, principalmente en la ciudad de Rosario.<\/p>\n<p>\u201cPreocupa que en este momento tan cr\u00edtico de la pandemia, con plena ocupaci\u00f3n de camas para pacientes graves, se decida un cambio en la modalidad de atenci\u00f3n que afecta a 165 mil personas en Rosario, en su mayor\u00eda docentes, personal de salud, del Estado provincial, municipales y fuerzas de seguridad, pero que tambi\u00e9n pone en riesgo la continuidad de tratamientos de miles de afiliados y afiliadas del resto de la provincia que por distintos motivos optan por atenderse en cl\u00ednicas, sanatorios y con profesionales de esta ciudad\u201d, advirtieron.<\/p>\n<p>Desde el bloque socialista de la C\u00e1mara Baja y del Concejo rosarino sentenciaron que \u201cuna modificaci\u00f3n de prestaci\u00f3n requiere de un an\u00e1lisis profundo en torno a c\u00f3mo ser\u00e1n distribuidos los servicios en los diferentes convenios que se generen, c\u00f3mo se garantizar\u00e1 el acceso de cada uno de los afiliados a la red prestacional respetando la historia previa y v\u00ednculo con los profesionales en cada situaci\u00f3n y c\u00f3mo se afrontar\u00e1n las nuevas condiciones de calidad y compensaciones a prestadores diferentes\u201d.<\/p>\n<p>\u201cNo es menor saber si el cambio garantizar\u00e1 o no la elecci\u00f3n de los afiliados, si podr\u00e1n o no optar por los sanatorios, cl\u00ednicas o consultorios y m\u00e9dicos o grupos de prestadores que tradicionalmente han elegido o si deber\u00e1n atenerse a prestadores diferentes y obligatorios que el nuevo convenio proponga\u201d, preguntaron en un pedido de informes al Poder Ejecutivo que se present\u00f3 en la C\u00e1mara de Diputadas y Diputados de Santa Fe, que tuvo su correlato en el Concejo Municipal de Rosario.<\/p>\n<p>La obra social provincial mantiene un convenio prestacional para el departamento Rosario desde hace d\u00e9cadas que tiene la modalidad de \u201ccartera fija\u201d, tanto para internaci\u00f3n como para prestadores ambulatorios. \u201cEsta modalidad se adopt\u00f3 para garantizar una red de prestaciones amplia, con accesibilidad y libertad de elecci\u00f3n del prestador por los afiliados, y ha ido incorporando a esa red prestadores y prestaciones a trav\u00e9s de los a\u00f1os\u201d, recordaron.<\/p>\n<p>\u201cLa accesibilidad, la garant\u00eda de atenci\u00f3n y la libre elecci\u00f3n no solo para los afiliados de Rosario sino para sus alrededores son caracter\u00edsticas que el convenio actual ha mantenido y en el momento sanitario que se vive es indispensable anteponer el derecho a la salud y una correcta y oportuna atenci\u00f3n a cada afiliado que lo requiera\u201d, advirtieron.<\/p>\n<p>\u201cEs indispensable saber c\u00f3mo se organizar\u00e1 la distribuci\u00f3n de una cartera global actual con escala, en carteras m\u00e1s chicas, si se mantendr\u00e1 la libre elecci\u00f3n de las afiliadas y afiliados a optar por uno y otro prestador, o si habr\u00e1 divisiones arbitrarias de las carteras a determinados grupos o instituciones, y en ese caso, a cu\u00e1les se les asignar\u00e1n los beneficiarios de mayores requerimientos m\u00e9dicos\u201d, inquieren desde el bloque socialista.<\/p>\n<p>\u201cSe ha creado una gran incertidumbre dentro de los establecimientos prestadores y seguramente se trasladar\u00e1, de no formalizar y garantizar los puntos aludidos, a los asociados y beneficiarios de la obra social provincial, nada menos que 165.000 personas en la ciudad de Rosario y m\u00e1s de 500.000 en la provincia de Santa Fe\u201d, finalizaron.<\/p>\n","protected":false},"excerpt":{"rendered":"<p>El bloque de diputadas y diputados socialistas ingres\u00f3 un pedido de informes ante la posibilidad de cambios que podr\u00edan poner en riesgo la salud y la calidad de atenci\u00f3n de agentes p\u00fablicos y sus familias. Con el objetivo de resguardar la salud y la calidad prestacional de quienes pertenecen a la obra social IAPOS, el [&hellip;]<\/p>\n","protected":false},"author":3,"featured_media":21421,"comment_status":"open","ping_status":"open","sticky":false,"template":"","format":"standard","meta":{"_joinchat":[],"footnotes":""},"categories":[1],"tags":[],"class_list":{"0":"post-21419","1":"post","2":"type-post","3":"status-publish","4":"format-standard","5":"has-post-thumbnail","7":"category-sin-categoria"},"_links":{"self":[{"href":"https:\/\/infovera.com.ar\/web\/wp-json\/wp\/v2\/posts\/21419","targetHints":{"allow":["GET"]}}],"collection":[{"href":"https:\/\/infovera.com.ar\/web\/wp-json\/wp\/v2\/posts"}],"about":[{"href":"https:\/\/infovera.com.ar\/web\/wp-json\/wp\/v2\/types\/post"}],"author":[{"embeddable":true,"href":"https:\/\/infovera.com.ar\/web\/wp-json\/wp\/v2\/users\/3"}],"replies":[{"embeddable":true,"href":"https:\/\/infovera.com.ar\/web\/wp-json\/wp\/v2\/comments?post=21419"}],"version-history":[{"count":0,"href":"https:\/\/infovera.com.ar\/web\/wp-json\/wp\/v2\/posts\/21419\/revisions"}],"wp:featuredmedia":[{"embeddable":true,"href":"https:\/\/infovera.com.ar\/web\/wp-json\/wp\/v2\/media\/21421"}],"wp:attachment":[{"href":"https:\/\/infovera.com.ar\/web\/wp-json\/wp\/v2\/media?parent=21419"}],"wp:term":[{"taxonomy":"category","embeddable":true,"href":"https:\/\/infovera.com.ar\/web\/wp-json\/wp\/v2\/categories?post=21419"},{"taxonomy":"post_tag","embeddable":true,"href":"https:\/\/infovera.com.ar\/web\/wp-json\/wp\/v2\/tags?post=21419"}],"curies":[{"name":"wp","href":"https:\/\/api.w.org\/{rel}","templated":true}]}}