{"id":21357,"date":"2021-05-27T17:57:17","date_gmt":"2021-05-27T20:57:17","guid":{"rendered":"https:\/\/infovera.com.ar\/web\/?p=21357"},"modified":"2021-05-27T17:57:53","modified_gmt":"2021-05-27T20:57:53","slug":"energico-repudio-de-la-oposicion-a-los-cambios-efectuados-al-himno-nacional-en-una-acto-en-santa-fe","status":"publish","type":"post","link":"https:\/\/infovera.com.ar\/web\/2021\/05\/27\/energico-repudio-de-la-oposicion-a-los-cambios-efectuados-al-himno-nacional-en-una-acto-en-santa-fe\/","title":{"rendered":"En\u00e9rgico repudio de la oposici\u00f3n a los cambios efectuados al Himno Nacional en un acto en Santa Fe"},"content":{"rendered":"<p><strong>El diputado nacional de Juntos por el Cambio por Santa Fe, Federico Angelini, indic\u00f3 que acompa\u00f1ar\u00e1 el Proyecto de Declaraci\u00f3n presentado por su par de Buenos Aires, Hern\u00e1n Berisso, para expresar el \u201cen\u00e9rgico repudio\u201d<\/strong> al cambio en la letra del Himno Nacional, efectuado en un acto oficial, encabezado por el gobernador de Santa Fe, Omar Perotti, en el marco del nuevo aniversario de la Revoluci\u00f3n de Mayo.<\/p>\n<p>\u201cM\u00ednimamente, esperamos que el Gobierno pida disculpas por haberse querido apropiar nuevamente de un s\u00edmbolo patrio, avalando la modificaci\u00f3n de dos de estrofas del Himno\u201d, afirm\u00f3 Angelini y record\u00f3 que el a\u00f1o pasado, en ocasi\u00f3n de otro acto oficial por el D\u00eda de la Bandera, el actor que interpret\u00f3 a Manuel Belgrano \u201cutiliz\u00f3 el t\u00e9rmino \u00b4todes\u00b4 en su discurso, con el propio gobernador al lado\u201d.<\/p>\n<p>\u201cSer\u00eda bueno que estas actitudes, propias del Kirchnerismo o l\u00edderes populistas que no dudan en cometer atropellos institucionales, no se copien en Santa Fe; los s\u00edmbolos patrios no est\u00e1n sujetos a cambios, quites o agregados de acuerdo al gusto de cada gobierno o int\u00e9rprete\u201d, consider\u00f3 el legislador santafesino.<\/p>\n<p>Por su parte, en su iniciativa, Berisso sostuvo que \u201cresulta repudiable este accionar\u201d e indic\u00f3 que, \u201ctal como lo expresa el Art\u00edculo 222 del C\u00f3digo Penal, ultrajar el Himno Nacional Argentino puede ser considerado delito contra la paz y la seguridad de la Naci\u00f3n, y sinceramente creemos que esto no es vinculante con la libertad o no de expresi\u00f3n, sino, sin lugar a dudas, con hacer respetar nuestra historia\u201d.<\/p>\n","protected":false},"excerpt":{"rendered":"<p>El diputado nacional de Juntos por el Cambio por Santa Fe, Federico Angelini, indic\u00f3 que acompa\u00f1ar\u00e1 el Proyecto de Declaraci\u00f3n presentado por su par de Buenos Aires, Hern\u00e1n Berisso, para expresar el \u201cen\u00e9rgico repudio\u201d al cambio en la letra del Himno Nacional, efectuado en un acto oficial, encabezado por el gobernador de Santa Fe, Omar [&hellip;]<\/p>\n","protected":false},"author":3,"featured_media":21359,"comment_status":"open","ping_status":"open","sticky":false,"template":"","format":"standard","meta":{"_joinchat":[],"footnotes":""},"categories":[1],"tags":[],"class_list":{"0":"post-21357","1":"post","2":"type-post","3":"status-publish","4":"format-standard","5":"has-post-thumbnail","7":"category-sin-categoria"},"_links":{"self":[{"href":"https:\/\/infovera.com.ar\/web\/wp-json\/wp\/v2\/posts\/21357","targetHints":{"allow":["GET"]}}],"collection":[{"href":"https:\/\/infovera.com.ar\/web\/wp-json\/wp\/v2\/posts"}],"about":[{"href":"https:\/\/infovera.com.ar\/web\/wp-json\/wp\/v2\/types\/post"}],"author":[{"embeddable":true,"href":"https:\/\/infovera.com.ar\/web\/wp-json\/wp\/v2\/users\/3"}],"replies":[{"embeddable":true,"href":"https:\/\/infovera.com.ar\/web\/wp-json\/wp\/v2\/comments?post=21357"}],"version-history":[{"count":0,"href":"https:\/\/infovera.com.ar\/web\/wp-json\/wp\/v2\/posts\/21357\/revisions"}],"wp:featuredmedia":[{"embeddable":true,"href":"https:\/\/infovera.com.ar\/web\/wp-json\/wp\/v2\/media\/21359"}],"wp:attachment":[{"href":"https:\/\/infovera.com.ar\/web\/wp-json\/wp\/v2\/media?parent=21357"}],"wp:term":[{"taxonomy":"category","embeddable":true,"href":"https:\/\/infovera.com.ar\/web\/wp-json\/wp\/v2\/categories?post=21357"},{"taxonomy":"post_tag","embeddable":true,"href":"https:\/\/infovera.com.ar\/web\/wp-json\/wp\/v2\/tags?post=21357"}],"curies":[{"name":"wp","href":"https:\/\/api.w.org\/{rel}","templated":true}]}}