{"id":21317,"date":"2021-05-27T15:01:21","date_gmt":"2021-05-27T18:01:21","guid":{"rendered":"https:\/\/infovera.com.ar\/web\/?p=21317"},"modified":"2021-05-27T23:09:57","modified_gmt":"2021-05-28T02:09:57","slug":"desde-el-hospital-regional-piden-a-la-gente-que-salga-lo-menos-posible","status":"publish","type":"post","link":"https:\/\/infovera.com.ar\/web\/2021\/05\/27\/desde-el-hospital-regional-piden-a-la-gente-que-salga-lo-menos-posible\/","title":{"rendered":"Desde el Hospital Regional piden a la gente que salga lo menos posible (video)"},"content":{"rendered":"<p><strong>En sendos mensajes grabados, el equipo de Salud del nosocomio verense volvi\u00f3 a pedir a la gente que se quede en sus casas, m\u00e1xime teniendo en cuenta la confirmaci\u00f3n de en la ciudad circula la cepa brit\u00e1nica.<\/strong><\/p>\n<p>En primer lugar, la directora del HRV, difundi\u00f3 un video &#8220;a los fines de poder aclarar esta situaci\u00f3n epidemiol\u00f3gica local&#8221;.<\/p>\n<p>La Dra. Beatriz Villa dijo que &#8220;desde la direcci\u00f3n del Hospital queremos informarle que se ha constatado el fallecimiento de dos personas,\u00a0en Rosario y Santa Fe, a causa de ser portadores de la nueva cepa mutante brit\u00e1nica&#8221;.<\/p>\n<p>Esa informaci\u00f3n fue dada a la funeraria y como &#8220;somos un equipo nos han comunicado para que hagamos la vigilancia epidemiol\u00f3gica&#8221;, se\u00f1al\u00f3.<\/p>\n<p>Enseguida, explic\u00f3 que &#8220;esta informaci\u00f3n es a los fines de que se sepa y se trabaje en equipo. Y es lo que podemos informar. Cualquier novedad va a ser comunicada&#8221;.<\/p>\n<p>Por su parte, la Dra. Carola Neuman refiri\u00f3 que &#8220;a nivel provincial est\u00e1n circulando cepas coronavirus, la convencional y las de Manaos y brit\u00e1nica. Estas \u00faltimas cepas se caracterizan por tener una mayor carga viral y por lo tanto son m\u00e1s contagiosas&#8221;.<\/p>\n<p>&#8220;Aparte de que afectan a personas que son menores de 65 a\u00f1os, inclusive a gente joven.\u00a0Hemos tenido casos de pacientes internados de 30 a\u00f1os y de 46 a\u00f1os que lamentablemente han fallecido, con y sin comorbilidades&#8221;, alert\u00f3.<\/p>\n<p>Hizo especial hincapi\u00e9 en que &#8220;la importancia de todo esto es que las medidas de protecci\u00f3n personal que todos conocemos evitan el contacto con estas cepas nuevas y tambi\u00e9n con la convencional&#8221;, y ponder\u00f3 como &#8220;importante que todos sigamos cuid\u00e1ndonos y que salgamos lo menos posible&#8221;.<\/p>\n<p>En el final de su mensaje, llev\u00f3 claridad con respecto a &#8220;los casos de pacientes fallecidos que han tenido cepa brit\u00e1nica y que se han confirmado por medio de laboratorios privados&#8221;. &#8220;Eran de Vera y no ninguna otra localidad&#8221;, revel\u00f3, corrigiendo y mejorando lo que se hab\u00eda informado ayer desde el equipo de Salud acerca de que las personas contagiadas que perecieron eran de Garabato y Los Amores.<\/p>\n<p>&nbsp;<\/p>\n<p><iframe loading=\"lazy\" title=\"Dra. Carola Neuman, nueva cepa en Vera\" width=\"696\" height=\"392\" src=\"https:\/\/www.youtube.com\/embed\/cN1DK6bswZU?feature=oembed\" frameborder=\"0\" allow=\"accelerometer; autoplay; clipboard-write; encrypted-media; gyroscope; picture-in-picture; web-share\" referrerpolicy=\"strict-origin-when-cross-origin\" allowfullscreen><\/iframe><\/p>\n<p><iframe loading=\"lazy\" title=\"Dra. Beatriz Villa, nueva cepa\" width=\"696\" height=\"392\" src=\"https:\/\/www.youtube.com\/embed\/nq_FrOdxIyk?feature=oembed\" frameborder=\"0\" allow=\"accelerometer; autoplay; clipboard-write; encrypted-media; gyroscope; picture-in-picture; web-share\" referrerpolicy=\"strict-origin-when-cross-origin\" allowfullscreen><\/iframe><\/p>\n","protected":false},"excerpt":{"rendered":"<p>En sendos mensajes grabados, el equipo de Salud del nosocomio verense volvi\u00f3 a pedir a la gente que se quede en sus casas, m\u00e1xime teniendo en cuenta la confirmaci\u00f3n de en la ciudad circula la cepa brit\u00e1nica. En primer lugar, la directora del HRV, difundi\u00f3 un video &#8220;a los fines de poder aclarar esta situaci\u00f3n [&hellip;]<\/p>\n","protected":false},"author":3,"featured_media":21319,"comment_status":"open","ping_status":"open","sticky":false,"template":"","format":"standard","meta":{"_joinchat":[],"footnotes":""},"categories":[53],"tags":[],"class_list":{"0":"post-21317","1":"post","2":"type-post","3":"status-publish","4":"format-standard","5":"has-post-thumbnail","7":"category-vera"},"_links":{"self":[{"href":"https:\/\/infovera.com.ar\/web\/wp-json\/wp\/v2\/posts\/21317","targetHints":{"allow":["GET"]}}],"collection":[{"href":"https:\/\/infovera.com.ar\/web\/wp-json\/wp\/v2\/posts"}],"about":[{"href":"https:\/\/infovera.com.ar\/web\/wp-json\/wp\/v2\/types\/post"}],"author":[{"embeddable":true,"href":"https:\/\/infovera.com.ar\/web\/wp-json\/wp\/v2\/users\/3"}],"replies":[{"embeddable":true,"href":"https:\/\/infovera.com.ar\/web\/wp-json\/wp\/v2\/comments?post=21317"}],"version-history":[{"count":0,"href":"https:\/\/infovera.com.ar\/web\/wp-json\/wp\/v2\/posts\/21317\/revisions"}],"wp:featuredmedia":[{"embeddable":true,"href":"https:\/\/infovera.com.ar\/web\/wp-json\/wp\/v2\/media\/21319"}],"wp:attachment":[{"href":"https:\/\/infovera.com.ar\/web\/wp-json\/wp\/v2\/media?parent=21317"}],"wp:term":[{"taxonomy":"category","embeddable":true,"href":"https:\/\/infovera.com.ar\/web\/wp-json\/wp\/v2\/categories?post=21317"},{"taxonomy":"post_tag","embeddable":true,"href":"https:\/\/infovera.com.ar\/web\/wp-json\/wp\/v2\/tags?post=21317"}],"curies":[{"name":"wp","href":"https:\/\/api.w.org\/{rel}","templated":true}]}}