{"id":21266,"date":"2021-05-26T19:26:25","date_gmt":"2021-05-26T22:26:25","guid":{"rendered":"https:\/\/infovera.com.ar\/web\/?p=21266"},"modified":"2021-05-27T11:42:29","modified_gmt":"2021-05-27T14:42:29","slug":"covid-19-se-sumaron-comorbilidades-a-priorizar-en-el-registro-provincial-de-vacunacion","status":"publish","type":"post","link":"https:\/\/infovera.com.ar\/web\/2021\/05\/26\/covid-19-se-sumaron-comorbilidades-a-priorizar-en-el-registro-provincial-de-vacunacion\/","title":{"rendered":"Covid-19: se sumaron comorbilidades a priorizar en el registro provincial de vacunaci\u00f3n"},"content":{"rendered":"<p><strong>Los inscriptos que posean alguna de las patolog\u00edas o discapacidades incorporadas van a estar incluidos en la poblaci\u00f3n objetivo priorizada para ser vacunados.<\/strong><\/p>\n<p>El Ministerio de Salud provincial inform\u00f3 que la Comisi\u00f3n Nacional de Inmunizaciones (CoNaIn) ha evaluado y recomendado incorporar dentro de la poblaci\u00f3n objetivo prioritaria a vacunar, a pacientes oncol\u00f3gicos, personas con tuberculosis activa y personas con discapacidad intelectual y del desarrollo, incluyendo S\u00edndrome de Down.<br \/>\nEs necesario remarcar que estas \u00faltimas recomendaciones surgen en funci\u00f3n del aumento del riesgo de enfermedades graves por Covid-19, igualmente se sugiere sostener fuertemente la recomendaci\u00f3n de extremar las medidas de cuidado y protecci\u00f3n personal a pesar de la vacunaci\u00f3n.<\/p>\n<p>Al respecto, la coordinadora del programa de Inmunizaciones de la provincia, Soledad Guerrero, explic\u00f3 que \u201cel Ministerio de Salud de la Naci\u00f3n envi\u00f3 un memor\u00e1ndum sobre la inclusi\u00f3n de nuevas comorbilidades. Aquellas personas que las posean, van a estar incluidas en la poblaci\u00f3n objetivo priorizada para ser vacunadas contra el Covid-19\u201d.<\/p>\n<p>\u201cEs necesario que aquellas personas que transiten algunas de estas patolog\u00edas se inscriban en el Registro de vacunaci\u00f3n que se encuentra disponible en el portal web de la provincia y as\u00ed a medida de que vayan ingresando las vacunas se podr\u00e1 asignar un turno e inocular a toda la poblaci\u00f3n objetivo lo m\u00e1s r\u00e1pido posible\u201d, concluy\u00f3 Guerrero.<\/p>\n<p>NUEVAS COMORBILIDADES EN EL GRUPO DE \u201cPERSONAS DE 18-59 A\u00d1OS CON FACTORES DE RIESGO\u201d<\/p>\n<p>&gt;&gt; Diabetes tipo 1 o 2 (insulinodependiente y no insulinodependiente)<\/p>\n<p>&gt;&gt; Cirrosis<\/p>\n<p>&gt;&gt; Personas que viven con VIH<\/p>\n<p>&gt;&gt; Pacientes en lista de espera para trasplante de \u00f3rganos s\u00f3lidos y trasplantados de \u00f3rganos s\u00f3lidos.<\/p>\n<p>&gt;&gt; Personas con discapacidad residentes de hogares, residencias y peque\u00f1os hogares<\/p>\n<p>&gt;&gt; Pacientes oncol\u00f3gicos y oncohematol\u00f3gicos con diagn\u00f3stico reciente o enfermedad \u201cACTIVA\u201d (menos de 1 a\u00f1o desde el diagn\u00f3stico; tratamiento actual o haber recibido tratamiento inmunosupresor en los \u00faltimos 12 meses; enfermedad en reca\u00edda o no controlada).<\/p>\n<p>En pacientes que requieran o realicen tratamiento quimioter\u00e1pico, se recomienda recibir el esquema completo de vacunaci\u00f3n (2 dosis) al menos 14 d\u00edas previos al inicio del tratamiento. De no ser posible, se sugiere demorar la vacunaci\u00f3n hasta el momento en el cual exista una recuperaci\u00f3n medular estable o se encuentren en fase de consolidaci\u00f3n (seg\u00fan corresponda).<\/p>\n<p>&gt;&gt; Personas cursando una Tuberculosis activa (caso nuevo o reca\u00edda, diagnosticados en los \u00faltimos 12 meses)<\/p>\n<p>&gt;&gt; Personas con discapacidad Intelectual y del desarrollo que inhabilite las capacidades individuales de ejecutar, comprender o sostener en el tiempo las medidas de cuidado personal para evitar el contagio o transmisi\u00f3n de la COVID19; y\/o se encuentren institucionalizados, en hogares o residencias de larga permanencia; y\/o requieran asistencia profesional domiciliaria o internaci\u00f3n domiciliaria.<\/p>\n<p>&gt;&gt; S\u00edndrome de Down, priorizando inicialmente a aquellos mayores de 40 a\u00f1os, en quienes se ha evidenciado un aumento sustancial de la mortalidad por Covid-19 respecto de otros grupos etarios.<\/p>\n","protected":false},"excerpt":{"rendered":"<p>Los inscriptos que posean alguna de las patolog\u00edas o discapacidades incorporadas van a estar incluidos en la poblaci\u00f3n objetivo priorizada para ser vacunados. El Ministerio de Salud provincial inform\u00f3 que la Comisi\u00f3n Nacional de Inmunizaciones (CoNaIn) ha evaluado y recomendado incorporar dentro de la poblaci\u00f3n objetivo prioritaria a vacunar, a pacientes oncol\u00f3gicos, personas con tuberculosis [&hellip;]<\/p>\n","protected":false},"author":3,"featured_media":21268,"comment_status":"open","ping_status":"open","sticky":false,"template":"","format":"standard","meta":{"_joinchat":[],"footnotes":""},"categories":[60],"tags":[],"class_list":{"0":"post-21266","1":"post","2":"type-post","3":"status-publish","4":"format-standard","5":"has-post-thumbnail","7":"category-provinciales"},"_links":{"self":[{"href":"https:\/\/infovera.com.ar\/web\/wp-json\/wp\/v2\/posts\/21266","targetHints":{"allow":["GET"]}}],"collection":[{"href":"https:\/\/infovera.com.ar\/web\/wp-json\/wp\/v2\/posts"}],"about":[{"href":"https:\/\/infovera.com.ar\/web\/wp-json\/wp\/v2\/types\/post"}],"author":[{"embeddable":true,"href":"https:\/\/infovera.com.ar\/web\/wp-json\/wp\/v2\/users\/3"}],"replies":[{"embeddable":true,"href":"https:\/\/infovera.com.ar\/web\/wp-json\/wp\/v2\/comments?post=21266"}],"version-history":[{"count":0,"href":"https:\/\/infovera.com.ar\/web\/wp-json\/wp\/v2\/posts\/21266\/revisions"}],"wp:featuredmedia":[{"embeddable":true,"href":"https:\/\/infovera.com.ar\/web\/wp-json\/wp\/v2\/media\/21268"}],"wp:attachment":[{"href":"https:\/\/infovera.com.ar\/web\/wp-json\/wp\/v2\/media?parent=21266"}],"wp:term":[{"taxonomy":"category","embeddable":true,"href":"https:\/\/infovera.com.ar\/web\/wp-json\/wp\/v2\/categories?post=21266"},{"taxonomy":"post_tag","embeddable":true,"href":"https:\/\/infovera.com.ar\/web\/wp-json\/wp\/v2\/tags?post=21266"}],"curies":[{"name":"wp","href":"https:\/\/api.w.org\/{rel}","templated":true}]}}