{"id":21256,"date":"2021-05-26T10:06:46","date_gmt":"2021-05-26T13:06:46","guid":{"rendered":"https:\/\/infovera.com.ar\/web\/?p=21256"},"modified":"2021-05-26T20:36:29","modified_gmt":"2021-05-26T23:36:29","slug":"centros-comerciales-piden-medidas-urgentes-al-gobernador-perotti-para-evitar-la-extincion","status":"publish","type":"post","link":"https:\/\/infovera.com.ar\/web\/2021\/05\/26\/centros-comerciales-piden-medidas-urgentes-al-gobernador-perotti-para-evitar-la-extincion\/","title":{"rendered":"Centros comerciales piden medidas urgentes al gobernador Perotti para &#8220;evitar la extinci\u00f3n&#8221;"},"content":{"rendered":"<p><strong>Desde la Federaci\u00f3n de Centros Comerciales manifestaron que \u201cla \u00faltima bater\u00eda de restricciones establecidas por el gobierno nacional a la cual, con algunas variantes, adhiri\u00f3 la provincia, derrumb\u00f3 cualquier expectativa de m\u00ednima recuperaci\u00f3n aniquilando las esperanzas de un futuro apenas digno\u201d.<\/strong><\/p>\n<p>Ante todo, la entidad destac\u00f3 el alto grado de entrega, compromiso, profesionalidad y solidaridad de todo el personald de salud, quee a\u00fan con el agobio f\u00edsico y an\u00edmico que enfrentan, no han sucumbido ante tantas adversidades.<\/p>\n<p>Y dijo acompa\u00f1ar su pedido de extremar las prevenciones, cuidados y concientizaci\u00f3n de la gravedad de la situaci\u00f3n sanitaria, resaltando que la actividad econ\u00f3mica, tal como lo evidencian estudios cient\u00edficos en todo el mundo, no genera contagios, sino todo lo contrario, al promover controles permanentes y exhaustivos al personal, clientes y colaboradores de cada lugar de trabajo y de atenci\u00f3n, siendo que &#8220;las acciones necesaroas para revertir esta situaci\u00f3n est\u00e1n en manos del Estado, como por ejemplo incrementar los testeos y acelerar el proceso de vacunaci\u00f3n.<\/p>\n<p><strong><span style=\"color: #ff0000;\">Concretamente, desde Fececo se exige:<\/span><\/strong><\/p>\n<p><strong>APERTURA DE COMERCIOS CON EL INGRESO DE PERSONAS<\/strong><\/p>\n<p>Consideramos que \u201cel riesgo de contagio de una persona es el mismo si circula e ingresa a un local para comprar un litro de leche que si lo hace para comprar un pullover.\u00a0\u00a0 no permitir el ingreso de personas es una medida que no disminuye el riesgo de contagio, pero s\u00ed disminuye sustancialmente las ventas de los comercios.\u201d<\/p>\n<p><strong>TESTEOS Y VACUNAS: Prevenci\u00f3n en la actividad productiva<\/strong><\/p>\n<p>Afirmamos que resulta imprescindible que el personal de comercios, como as\u00ed tambi\u00e9n las personas relacionadas con la actividad, tengan la posibilidad de testearse peri\u00f3dicamente y tener prioridades en los turnos de vacunaci\u00f3n en sus rangos etarios, pues a pesar del estricto cumplimiento de los respectivos protocolos, est\u00e1n expuestos a un alto riesgo de contagio. Estas medidas preventivas evitar\u00e1n nuevos cierres y restricciones a la actividad comercial.<\/p>\n<p>En el convencimiento que todos los comercios son esenciales, pues la esencialidad no debe ser considerada solo por lo que venden, sino porque aportan miles y miles de puestos de trabajo y de sustento a tantas otras familias de empleados\u00a0 propietarios deben ser incluidos todos.<\/p>\n<p><strong>REFORMULACI\u00d3N DE LAS EXIGENCIAS IMPOSITIVAS<\/strong><\/p>\n<p>Desde FECECO describimos como incomprensible e insensible que se contin\u00fae exigiendo el pago de impuestos por per\u00edodos en los cuales no se pudo trabajar y en el caso de haberlo hecho el nivel de actividad ha sido pr\u00e1cticamente nulo \u00f3 tan bajo que no alcanza para cubrir los gastos fijos.<\/p>\n<p>Convenios de pago, moratorias, cr\u00e9ditos diferimiento de vencimientos ya no tienen sentido.\u00a0\u00a0 si no se tienen ingresos no se pueden pagar impuestos, como tampoco otros gastos, por eso exigir el pago de impuestos fijos, no acordes a los ingresos, como patente, inmobiliario, d\u00e9bitos y cr\u00e9ditos bancarios, renovaciones de permisos o matr\u00edculas, etc.\u00a0\u00a0 el estado debe entender esta situaci\u00f3n.<\/p>\n<p>Fececo exige al estado que administre sus recursos, gestionar sus gastos de tal forma de cubrir las erogaciones necesarias para los servicios b\u00e1sicos, obviando todo gasto superfluo, innecesario e improductivo, de los cuales a\u00fan se visualizan, y muchos.<\/p>\n<p>FECECO EXIGE al ESTADO que administre sus recursos, gestionar sus gastos de tal forma de cubrir las erogaciones necesarias para los servicios b\u00e1sicos, OBVIANDO TODO GASTO SUPERFLUO, INNECESARIO E IMPRODUCTIVO, de los cuales a\u00fan se visualizan,\u00a0 Y MUCHOS.<\/p>\n<p>El SIRCREB es una herramienta que asegura la recaudaci\u00f3n del Estado pero que en la actualidad desfinancia a los contribuyentes que en gran parte tienen saldos a favor que dif\u00edcilmente puedan ser utilizados, transform\u00e1ndose en recursos de los cuales no se puede disponer, por lo cual en estos momentos la aplicaci\u00f3n del SIRCREB debe eliminarse en forma urgente.<\/p>\n<p>Fececo pide en\u00e9rgicamente al estado (en todas sus jurisdicciones), que instrumenten un plan de contingencia econ\u00f3mico que utilice el sentido com\u00fan para establecer un nuevo r\u00e9gimen de acuerdo a la descarnada realidad econ\u00f3mica financiera del sector productivo y contribuyentes en general, como as\u00ed tambi\u00e9n direccionar los gastos solamente a los necesarios, incluyendo gestos de la clase politica que acompa\u00f1en el esfuerzo\u00a0 del resto de la sociedad que diariamente sufren la cruda realidad.<\/p>\n<p><strong>FONDOS DEL CFI<\/strong><\/p>\n<p>Se deben gestionar estos fondos para que a trav\u00e9s de los mismos la provincia pueda disponer de l\u00edneas de financiamiento blando, a largo plazo y tasa muy bajas.\u00a0 si bien no hay antecedentes del direccionamiento de estos fondos para cr\u00e9ditos al sector comercio, las circunstancias obligan a obtener de forma concreta esta l\u00ednea de financiamiento que, seguramente, con el fundamento de la cr\u00edtica situaci\u00f3n ser\u00e1 un sustento viable, que de alcanzarse ser\u00eda un m\u00e9rito importante.<\/p>\n<p><strong>SISTEMA FINANCIERO<\/strong><\/p>\n<p>Solicitamos se gestione ante el sistema financiero disposiciones para\u00a0evitar que la disminuci\u00f3n de la actividad con la inevitable y l\u00f3gica ruptura en la cadena de pagos, no provoque sanciones formales ni econ\u00f3micas a las pymes. potenciando la gravedad de su situaci\u00f3n financiera.<\/p>\n<p><strong>PARTICIPACI\u00d3N EN LA MESA DE DECISIONES\u00a0<\/strong><\/p>\n<p>Desde FECECO entendemos que, indudablemente, los expertos en salud deben participar en el \u00e1mbito en el cual se toman las decisiones sobre las medidas, pues el aspecto sanitario es primordial, no obstante el sost\u00e9n de la sociedad en su totalidad depende de la actividad econ\u00f3mica que desarrolla, a excepci\u00f3n, claro, de los funcionarios que tienen asegurado su sueldo, al menos por ahora (no se podr\u00eda garantizar lo mismo si la econom\u00eda sigue detenida). Por esa necesidad de mantener sana la econom\u00eda, exigimos participaci\u00f3n en la mesa de decisiones y poder realizar nuestro aporte desde el sector productivo.\u00a0 sr. Gobernador esperamos su convocatoria.<\/p>\n<p><strong>Continuidad en las restricciones<\/strong><\/p>\n<p>Las medidas actuales tienen su vigencia hasta el domingo 30 de mayo. La decisi\u00f3n de prorrogarlas en las mismas condiciones resulta inaceptable y una cabal muestra de la improvisaci\u00f3n de las autoridades y la falta de empat\u00eda con el resto de la sociedad.\u00a0 rechazamos y realizaremos las acciones que correspondan para que las restricciones actuales finalicen en el d\u00eda establecido.<\/p>\n<p>Por otro lado, desde Fececo transmitimos al Gobernador nuestra preocupaci\u00f3n que, como entidad representativa del Sector Comercio y Servicios y part\u00edcipes del entramado productivo provincial, comentamos que ante la desesperaci\u00f3n acumulada, el estado de creciente incertidumbre, la tristeza y depresi\u00f3n que provoca la propia agon\u00eda en su actividad y la de haber sido testigos del quiebre de colegas en la actividad, est\u00e1 provocando la alteraci\u00f3n de \u00e1nimos, el agotamiento de la paciencia entre las bases que representamos, reduciendo la capacidad de contenci\u00f3n de las mismas, pudiendo dar lugar a expresiones, manifestaciones y acciones que escapar\u00e1n\u00a0 a la verticalidad institucional.<\/p>\n","protected":false},"excerpt":{"rendered":"<p>Desde la Federaci\u00f3n de Centros Comerciales manifestaron que \u201cla \u00faltima bater\u00eda de restricciones establecidas por el gobierno nacional a la cual, con algunas variantes, adhiri\u00f3 la provincia, derrumb\u00f3 cualquier expectativa de m\u00ednima recuperaci\u00f3n aniquilando las esperanzas de un futuro apenas digno\u201d. Ante todo, la entidad destac\u00f3 el alto grado de entrega, compromiso, profesionalidad y solidaridad [&hellip;]<\/p>\n","protected":false},"author":3,"featured_media":0,"comment_status":"open","ping_status":"open","sticky":false,"template":"","format":"standard","meta":{"_joinchat":[],"footnotes":""},"categories":[60],"tags":[],"class_list":{"0":"post-21256","1":"post","2":"type-post","3":"status-publish","4":"format-standard","6":"category-provinciales"},"_links":{"self":[{"href":"https:\/\/infovera.com.ar\/web\/wp-json\/wp\/v2\/posts\/21256","targetHints":{"allow":["GET"]}}],"collection":[{"href":"https:\/\/infovera.com.ar\/web\/wp-json\/wp\/v2\/posts"}],"about":[{"href":"https:\/\/infovera.com.ar\/web\/wp-json\/wp\/v2\/types\/post"}],"author":[{"embeddable":true,"href":"https:\/\/infovera.com.ar\/web\/wp-json\/wp\/v2\/users\/3"}],"replies":[{"embeddable":true,"href":"https:\/\/infovera.com.ar\/web\/wp-json\/wp\/v2\/comments?post=21256"}],"version-history":[{"count":0,"href":"https:\/\/infovera.com.ar\/web\/wp-json\/wp\/v2\/posts\/21256\/revisions"}],"wp:attachment":[{"href":"https:\/\/infovera.com.ar\/web\/wp-json\/wp\/v2\/media?parent=21256"}],"wp:term":[{"taxonomy":"category","embeddable":true,"href":"https:\/\/infovera.com.ar\/web\/wp-json\/wp\/v2\/categories?post=21256"},{"taxonomy":"post_tag","embeddable":true,"href":"https:\/\/infovera.com.ar\/web\/wp-json\/wp\/v2\/tags?post=21256"}],"curies":[{"name":"wp","href":"https:\/\/api.w.org\/{rel}","templated":true}]}}