{"id":21173,"date":"2021-05-25T12:44:33","date_gmt":"2021-05-25T15:44:33","guid":{"rendered":"https:\/\/infovera.com.ar\/web\/?p=21173"},"modified":"2021-05-26T11:05:46","modified_gmt":"2021-05-26T14:05:46","slug":"un-25-de-mayo-cruzado-por-la-pandemia","status":"publish","type":"post","link":"https:\/\/infovera.com.ar\/web\/2021\/05\/25\/un-25-de-mayo-cruzado-por-la-pandemia\/","title":{"rendered":"Un 25 de Mayo cruzado por la pandemia"},"content":{"rendered":"<p><strong>En un escueto acto y con solo la presencia del presidente del Concejo Municipal y los dos secretarios principales su gabinete, la intendenta Paula Mitre encabez\u00f3 la conmemoraci\u00f3n de la Revoluci\u00f3n de Mayo de 1810.<\/strong><\/p>\n<p>El motivo de la no invitaci\u00f3n de las autoridades institucionales de la ciudad, seg\u00fan indicaron al inicio de la transmisi\u00f3n por Facebook, fue por &#8220;protocolos sanitarios&#8221;, convocando solo a los principales rostros de su gesti\u00f3n y al concejal oficialista.<\/p>\n<p>El evento se llev\u00f3 a cabo en el and\u00e9n de la ex estaci\u00f3n del ferrocarril y tuvo como oradora principal a la secretaria de Gobierno Nancy Senn, que hizo un recorrido hist\u00f3rico del acontecimiento, cual acto escolar, sin comparativas con los \u00faltimos acontecimientos, ni un mensaje propio que escape a lo googleable.<\/p>\n<p>Finaliz\u00f3 su protocolar discurso con la frase &#8220;aprovechemos para pedirle a Dios que nunca nos falte la paz, el trabajo, el respeto ni la dignidad&#8221;, como haciendo un gui\u00f1o a la situaci\u00f3n que convocar\u00e1 a verenses en una marcha esta tarde para pedir poder trabajar en el marco de la pandemia.<\/p>\n","protected":false},"excerpt":{"rendered":"<p>En un escueto acto y con solo la presencia del presidente del Concejo Municipal y los dos secretarios principales su gabinete, la intendenta Paula Mitre encabez\u00f3 la conmemoraci\u00f3n de la Revoluci\u00f3n de Mayo de 1810. El motivo de la no invitaci\u00f3n de las autoridades institucionales de la ciudad, seg\u00fan indicaron al inicio de la transmisi\u00f3n [&hellip;]<\/p>\n","protected":false},"author":3,"featured_media":21186,"comment_status":"open","ping_status":"open","sticky":false,"template":"","format":"standard","meta":{"_joinchat":[],"footnotes":""},"categories":[53],"tags":[],"class_list":{"0":"post-21173","1":"post","2":"type-post","3":"status-publish","4":"format-standard","5":"has-post-thumbnail","7":"category-vera"},"_links":{"self":[{"href":"https:\/\/infovera.com.ar\/web\/wp-json\/wp\/v2\/posts\/21173","targetHints":{"allow":["GET"]}}],"collection":[{"href":"https:\/\/infovera.com.ar\/web\/wp-json\/wp\/v2\/posts"}],"about":[{"href":"https:\/\/infovera.com.ar\/web\/wp-json\/wp\/v2\/types\/post"}],"author":[{"embeddable":true,"href":"https:\/\/infovera.com.ar\/web\/wp-json\/wp\/v2\/users\/3"}],"replies":[{"embeddable":true,"href":"https:\/\/infovera.com.ar\/web\/wp-json\/wp\/v2\/comments?post=21173"}],"version-history":[{"count":0,"href":"https:\/\/infovera.com.ar\/web\/wp-json\/wp\/v2\/posts\/21173\/revisions"}],"wp:featuredmedia":[{"embeddable":true,"href":"https:\/\/infovera.com.ar\/web\/wp-json\/wp\/v2\/media\/21186"}],"wp:attachment":[{"href":"https:\/\/infovera.com.ar\/web\/wp-json\/wp\/v2\/media?parent=21173"}],"wp:term":[{"taxonomy":"category","embeddable":true,"href":"https:\/\/infovera.com.ar\/web\/wp-json\/wp\/v2\/categories?post=21173"},{"taxonomy":"post_tag","embeddable":true,"href":"https:\/\/infovera.com.ar\/web\/wp-json\/wp\/v2\/tags?post=21173"}],"curies":[{"name":"wp","href":"https:\/\/api.w.org\/{rel}","templated":true}]}}