{"id":21128,"date":"2021-05-24T17:36:07","date_gmt":"2021-05-24T20:36:07","guid":{"rendered":"https:\/\/infovera.com.ar\/web\/?p=21128"},"modified":"2021-05-24T17:36:07","modified_gmt":"2021-05-24T20:36:07","slug":"reconquista-no-hay-mas-camas-en-terapia-y-el-hospital-de-campana-esta-completo","status":"publish","type":"post","link":"https:\/\/infovera.com.ar\/web\/2021\/05\/24\/reconquista-no-hay-mas-camas-en-terapia-y-el-hospital-de-campana-esta-completo\/","title":{"rendered":"Reconquista: no hay m\u00e1s camas en terapia y el Hospital de Campa\u00f1a est\u00e1 completo"},"content":{"rendered":"<p><strong>El panorama en el Nuevo Hospital de Reconquista es por lo menos desalentador. <\/strong><\/p>\n<p>En comunicaci\u00f3n con <strong>InfoVera<\/strong>, el Dr. Juan Carlos Zanuttini, director del centro de salud de mayor complejidad del norte santafesino al que deriva toda la regi\u00f3n, detall\u00f3 que la Unidad de Terapia Intensiva est\u00e1 a pleno, con todas las camas ocupadas.<\/p>\n<p>El infect\u00f3logo agreg\u00f3 que en la Sala Cl\u00ednica para Adultos Covid permanecen 25 pacientes, algunos con alto flujo de ox\u00edgeno y otros con cascos Helmet, y solo quedan 12 camas no Covid.<\/p>\n<p>El profesional sostuvo que el Hospital de Campa\u00f1a est\u00e1 completo y que la guardia est\u00e1 trabajando a pleno, sin descanso, al igual que en las otras salas.<\/p>\n<p>El total de casos activos en la regi\u00f3n Reconquista asciende a 1.191, de los cuales 1.136 cumplen aislamiento domiciliario obligatorio con vigilancia epidemiol\u00f3gica.<\/p>\n<p>En la jornada del domingo, se inform\u00f3 el fallecimiento de cuatro personas con diagn\u00f3stico positivo de coronavirus: 1 paciente de 60 a\u00f1os y otro de 69 a\u00f1os con de Avellaneda; 1 paciente de 72 a\u00f1os y una paciente de 59 a\u00f1os de Romang.<\/p>\n<p>La ciudad de Reconquista contabiliza 4.335 casos positivos desde el comienzo de la pandemia y 89 fallecidos. A la noche del domingo eran 564 los pacientes positivos activos y 1.145 las personas en aislamiento preventivo.<\/p>\n","protected":false},"excerpt":{"rendered":"<p>El panorama en el Nuevo Hospital de Reconquista es por lo menos desalentador. En comunicaci\u00f3n con InfoVera, el Dr. Juan Carlos Zanuttini, director del centro de salud de mayor complejidad del norte santafesino al que deriva toda la regi\u00f3n, detall\u00f3 que la Unidad de Terapia Intensiva est\u00e1 a pleno, con todas las camas ocupadas. El [&hellip;]<\/p>\n","protected":false},"author":3,"featured_media":21130,"comment_status":"open","ping_status":"open","sticky":false,"template":"","format":"standard","meta":{"_joinchat":[],"footnotes":""},"categories":[55],"tags":[],"class_list":{"0":"post-21128","1":"post","2":"type-post","3":"status-publish","4":"format-standard","5":"has-post-thumbnail","7":"category-reconquista"},"_links":{"self":[{"href":"https:\/\/infovera.com.ar\/web\/wp-json\/wp\/v2\/posts\/21128","targetHints":{"allow":["GET"]}}],"collection":[{"href":"https:\/\/infovera.com.ar\/web\/wp-json\/wp\/v2\/posts"}],"about":[{"href":"https:\/\/infovera.com.ar\/web\/wp-json\/wp\/v2\/types\/post"}],"author":[{"embeddable":true,"href":"https:\/\/infovera.com.ar\/web\/wp-json\/wp\/v2\/users\/3"}],"replies":[{"embeddable":true,"href":"https:\/\/infovera.com.ar\/web\/wp-json\/wp\/v2\/comments?post=21128"}],"version-history":[{"count":0,"href":"https:\/\/infovera.com.ar\/web\/wp-json\/wp\/v2\/posts\/21128\/revisions"}],"wp:featuredmedia":[{"embeddable":true,"href":"https:\/\/infovera.com.ar\/web\/wp-json\/wp\/v2\/media\/21130"}],"wp:attachment":[{"href":"https:\/\/infovera.com.ar\/web\/wp-json\/wp\/v2\/media?parent=21128"}],"wp:term":[{"taxonomy":"category","embeddable":true,"href":"https:\/\/infovera.com.ar\/web\/wp-json\/wp\/v2\/categories?post=21128"},{"taxonomy":"post_tag","embeddable":true,"href":"https:\/\/infovera.com.ar\/web\/wp-json\/wp\/v2\/tags?post=21128"}],"curies":[{"name":"wp","href":"https:\/\/api.w.org\/{rel}","templated":true}]}}