{"id":21095,"date":"2021-05-24T13:43:19","date_gmt":"2021-05-24T16:43:19","guid":{"rendered":"https:\/\/infovera.com.ar\/web\/?p=21095"},"modified":"2021-05-24T13:43:19","modified_gmt":"2021-05-24T16:43:19","slug":"funcionarios-provinciales-verificaron-el-cumplimiento-de-protocolos-en-calchaqui","status":"publish","type":"post","link":"https:\/\/infovera.com.ar\/web\/2021\/05\/24\/funcionarios-provinciales-verificaron-el-cumplimiento-de-protocolos-en-calchaqui\/","title":{"rendered":"Funcionarios provinciales verificaron el cumplimiento de protocolos en Calchaqu\u00ed"},"content":{"rendered":"<p><strong>Desde el Ministerio de Producci\u00f3n, Ciencia y Tecnolog\u00eda recorrieron empresas de localidades de Calchaqu\u00ed, Avellaneda y Reconquista.<\/strong><\/p>\n<p>El Ministerio de Producci\u00f3n, Ciencia y Tecnolog\u00eda, a trav\u00e9s de las secretar\u00edas de Industria y de Comercio Interior y Servicios, llev\u00f3 adelante una serie de visitas a empresas de ambos sectores con el fin de observar el cumplimiento de protocolos de actividad y el buen desempe\u00f1o de los turnos laborales.De esta forma, los funcionarios provinciales visitaron en Calchaqu\u00ed los comercios y su \u00e1rea industrial, oportunidad en la que fue reconocida de manera oficial; en Avellaneda las firmas Domitec y Valle del Carmen. Mientras que en Reconquista la helader\u00eda Polijub y la Productos Prieto, f\u00e1brica de alimentos de ma\u00edz.<\/p>\n<p>Luego de las recorridas, el secretario de Comercio Interior y Servicios, Juan Marcos Aviano destac\u00f3: \u201cTanto el gobernador Omar Perotti como nuestro ministro Daniel Costamagna, nos han encomendado que visitamos empresas de distintos puntos del territorio provincial con el fin de verificar el cumplimiento de los protocolos, tanto en el \u00e1mbito industrial como en el comercial. En el caso particular de esta recorrida hemos encontrado muy buena predisposici\u00f3n y actualizamos la informaci\u00f3n y normativa vigente. Al mismo tiempo hemos instado a continuar con los esfuerzos de todo el arco privado y los trabajadores para que se cumplan los protocolos para continuar cuidando la salud de los santafesinas y santafesinos\u201d.<\/p>\n<p>Por su parte, el director Provincial de Infraestructura y Fortalecimiento Industrial, Marcelo Cogno, quien tambi\u00e9n particip\u00f3 de las visitas, indic\u00f3: \u201cMuchas de estas empresas est\u00e1n radicadas en parques y \u00e1reas industriales, por lo que aprovechamos la oportunidad para ahondar en las necesidades de infraestructura que tienen estos espacios y las empresas\u201d.<\/p>\n","protected":false},"excerpt":{"rendered":"<p>Desde el Ministerio de Producci\u00f3n, Ciencia y Tecnolog\u00eda recorrieron empresas de localidades de Calchaqu\u00ed, Avellaneda y Reconquista. El Ministerio de Producci\u00f3n, Ciencia y Tecnolog\u00eda, a trav\u00e9s de las secretar\u00edas de Industria y de Comercio Interior y Servicios, llev\u00f3 adelante una serie de visitas a empresas de ambos sectores con el fin de observar el cumplimiento [&hellip;]<\/p>\n","protected":false},"author":3,"featured_media":21097,"comment_status":"open","ping_status":"open","sticky":false,"template":"","format":"standard","meta":{"_joinchat":[],"footnotes":""},"categories":[52],"tags":[],"class_list":{"0":"post-21095","1":"post","2":"type-post","3":"status-publish","4":"format-standard","5":"has-post-thumbnail","7":"category-calchaqui"},"_links":{"self":[{"href":"https:\/\/infovera.com.ar\/web\/wp-json\/wp\/v2\/posts\/21095","targetHints":{"allow":["GET"]}}],"collection":[{"href":"https:\/\/infovera.com.ar\/web\/wp-json\/wp\/v2\/posts"}],"about":[{"href":"https:\/\/infovera.com.ar\/web\/wp-json\/wp\/v2\/types\/post"}],"author":[{"embeddable":true,"href":"https:\/\/infovera.com.ar\/web\/wp-json\/wp\/v2\/users\/3"}],"replies":[{"embeddable":true,"href":"https:\/\/infovera.com.ar\/web\/wp-json\/wp\/v2\/comments?post=21095"}],"version-history":[{"count":0,"href":"https:\/\/infovera.com.ar\/web\/wp-json\/wp\/v2\/posts\/21095\/revisions"}],"wp:featuredmedia":[{"embeddable":true,"href":"https:\/\/infovera.com.ar\/web\/wp-json\/wp\/v2\/media\/21097"}],"wp:attachment":[{"href":"https:\/\/infovera.com.ar\/web\/wp-json\/wp\/v2\/media?parent=21095"}],"wp:term":[{"taxonomy":"category","embeddable":true,"href":"https:\/\/infovera.com.ar\/web\/wp-json\/wp\/v2\/categories?post=21095"},{"taxonomy":"post_tag","embeddable":true,"href":"https:\/\/infovera.com.ar\/web\/wp-json\/wp\/v2\/tags?post=21095"}],"curies":[{"name":"wp","href":"https:\/\/api.w.org\/{rel}","templated":true}]}}