{"id":21078,"date":"2021-05-24T13:22:50","date_gmt":"2021-05-24T16:22:50","guid":{"rendered":"https:\/\/infovera.com.ar\/web\/?p=21078"},"modified":"2021-05-25T19:32:11","modified_gmt":"2021-05-25T22:32:11","slug":"la-segunda-ola-pega-fuerte-y-estan-saturadas-camas-y-lineas-del-hospital-regional","status":"publish","type":"post","link":"https:\/\/infovera.com.ar\/web\/2021\/05\/24\/la-segunda-ola-pega-fuerte-y-estan-saturadas-camas-y-lineas-del-hospital-regional\/","title":{"rendered":"La segunda ola pega fuerte y est\u00e1n saturadas camas y l\u00edneas del Hospital Regional Vera"},"content":{"rendered":"<p><strong>Hospital Regional Vera notific\u00f3 a \u00faltima hora de anoche a la poblaci\u00f3n sobre la situaci\u00f3n actual de saturaci\u00f3n de camas del servicio de aislamiento.<\/strong><\/p>\n<p>Desde el nosocomio rogaron nuevamente la concientizaci\u00f3n de la poblaci\u00f3n y la colaboraci\u00f3n de la misma para con el personal de Salud, que tambi\u00e9n est\u00e1 desbordado.<\/p>\n<p>&#8220;Lla cantidad de infectados Covid as\u00ed como de casos sospechosos saturan las l\u00edneas telef\u00f3nicas de Unidad Febril de Urgencia, la guardia y la sala de internados&#8221;, se alert\u00f3.<\/p>\n<p>Concientizar y colaborar es cuidar y cuidarse, aconsejaron las autoridades.<\/p>\n","protected":false},"excerpt":{"rendered":"<p>Hospital Regional Vera notific\u00f3 a \u00faltima hora de anoche a la poblaci\u00f3n sobre la situaci\u00f3n actual de saturaci\u00f3n de camas del servicio de aislamiento. Desde el nosocomio rogaron nuevamente la concientizaci\u00f3n de la poblaci\u00f3n y la colaboraci\u00f3n de la misma para con el personal de Salud, que tambi\u00e9n est\u00e1 desbordado. &#8220;Lla cantidad de infectados Covid [&hellip;]<\/p>\n","protected":false},"author":3,"featured_media":21080,"comment_status":"open","ping_status":"open","sticky":false,"template":"","format":"standard","meta":{"_joinchat":[],"footnotes":""},"categories":[51],"tags":[],"class_list":{"0":"post-21078","1":"post","2":"type-post","3":"status-publish","4":"format-standard","5":"has-post-thumbnail","7":"category-locales"},"_links":{"self":[{"href":"https:\/\/infovera.com.ar\/web\/wp-json\/wp\/v2\/posts\/21078","targetHints":{"allow":["GET"]}}],"collection":[{"href":"https:\/\/infovera.com.ar\/web\/wp-json\/wp\/v2\/posts"}],"about":[{"href":"https:\/\/infovera.com.ar\/web\/wp-json\/wp\/v2\/types\/post"}],"author":[{"embeddable":true,"href":"https:\/\/infovera.com.ar\/web\/wp-json\/wp\/v2\/users\/3"}],"replies":[{"embeddable":true,"href":"https:\/\/infovera.com.ar\/web\/wp-json\/wp\/v2\/comments?post=21078"}],"version-history":[{"count":0,"href":"https:\/\/infovera.com.ar\/web\/wp-json\/wp\/v2\/posts\/21078\/revisions"}],"wp:featuredmedia":[{"embeddable":true,"href":"https:\/\/infovera.com.ar\/web\/wp-json\/wp\/v2\/media\/21080"}],"wp:attachment":[{"href":"https:\/\/infovera.com.ar\/web\/wp-json\/wp\/v2\/media?parent=21078"}],"wp:term":[{"taxonomy":"category","embeddable":true,"href":"https:\/\/infovera.com.ar\/web\/wp-json\/wp\/v2\/categories?post=21078"},{"taxonomy":"post_tag","embeddable":true,"href":"https:\/\/infovera.com.ar\/web\/wp-json\/wp\/v2\/tags?post=21078"}],"curies":[{"name":"wp","href":"https:\/\/api.w.org\/{rel}","templated":true}]}}