{"id":21067,"date":"2021-05-23T21:00:34","date_gmt":"2021-05-24T00:00:34","guid":{"rendered":"https:\/\/infovera.com.ar\/web\/?p=21067"},"modified":"2021-05-24T13:35:13","modified_gmt":"2021-05-24T16:35:13","slug":"en-los-amores-piden-que-los-hisopados-se-hagan-en-el-pueblo","status":"publish","type":"post","link":"https:\/\/infovera.com.ar\/web\/2021\/05\/23\/en-los-amores-piden-que-los-hisopados-se-hagan-en-el-pueblo\/","title":{"rendered":"En Los Amores piden que los hisopados se hagan en el pueblo"},"content":{"rendered":"<p><strong>En medio del brote de Covid que afecta a la localidad, la Comuna solicit\u00f3 que los test puedan realizarse en la localidad para que la gente no tenga que viajar.<\/strong><\/p>\n<p>La gesti\u00f3n comunal se dirigi\u00f3 a la poblaci\u00f3n con un mensaje en el que expres\u00f3: &#8220;Son tiempos que nos necesitan juntos, mostrando todo lo mejor que podemos ser. Ya habr\u00e1 tiempo para la disputa pol\u00edtica: hoy todos estamos del mismo lado, del lado de cuidar la vida. Al virus no le interesa de qu\u00e9 Partido somos&#8221;.<\/p>\n<p>En ese sentido, la Comuna inform\u00f3: &#8220;Pedimos que los hisopados se hagan en nuestro pueblo, como se lo hizo otras veces. \u00c9ste es el momento de insistir, para que m\u00e1s gente no tenga que viajar , porque adem\u00e1s hay m\u00e1s personas con s\u00edntomas&#8221;.<\/p>\n<p>Asimismo, se comunic\u00f3 que se &#8220;asiste con mercader\u00eda a quienes lo necesitan: comun\u00edquense telef\u00f3nicamente, y veremos de qu\u00e9 forma les llega. Colaboremos para que podamos cuidarnos, todos somos vulnerables ante esta enfermedad&#8221;.<\/p>\n<p>A este domingo, Los Amores tieen 21 pacientes positivos activos 21, en sus domicilios con buen estado de salud; y 62 personas en aislamiento preventivo.<\/p>\n<p>Hay 22 casos sospechosos y sumnas 32 los positivos acumulados 32.<\/p>\n","protected":false},"excerpt":{"rendered":"<p>En medio del brote de Covid que afecta a la localidad, la Comuna solicit\u00f3 que los test puedan realizarse en la localidad para que la gente no tenga que viajar. La gesti\u00f3n comunal se dirigi\u00f3 a la poblaci\u00f3n con un mensaje en el que expres\u00f3: &#8220;Son tiempos que nos necesitan juntos, mostrando todo lo mejor [&hellip;]<\/p>\n","protected":false},"author":3,"featured_media":21069,"comment_status":"open","ping_status":"open","sticky":false,"template":"","format":"standard","meta":{"_joinchat":[],"footnotes":""},"categories":[51],"tags":[],"class_list":{"0":"post-21067","1":"post","2":"type-post","3":"status-publish","4":"format-standard","5":"has-post-thumbnail","7":"category-locales"},"_links":{"self":[{"href":"https:\/\/infovera.com.ar\/web\/wp-json\/wp\/v2\/posts\/21067","targetHints":{"allow":["GET"]}}],"collection":[{"href":"https:\/\/infovera.com.ar\/web\/wp-json\/wp\/v2\/posts"}],"about":[{"href":"https:\/\/infovera.com.ar\/web\/wp-json\/wp\/v2\/types\/post"}],"author":[{"embeddable":true,"href":"https:\/\/infovera.com.ar\/web\/wp-json\/wp\/v2\/users\/3"}],"replies":[{"embeddable":true,"href":"https:\/\/infovera.com.ar\/web\/wp-json\/wp\/v2\/comments?post=21067"}],"version-history":[{"count":0,"href":"https:\/\/infovera.com.ar\/web\/wp-json\/wp\/v2\/posts\/21067\/revisions"}],"wp:featuredmedia":[{"embeddable":true,"href":"https:\/\/infovera.com.ar\/web\/wp-json\/wp\/v2\/media\/21069"}],"wp:attachment":[{"href":"https:\/\/infovera.com.ar\/web\/wp-json\/wp\/v2\/media?parent=21067"}],"wp:term":[{"taxonomy":"category","embeddable":true,"href":"https:\/\/infovera.com.ar\/web\/wp-json\/wp\/v2\/categories?post=21067"},{"taxonomy":"post_tag","embeddable":true,"href":"https:\/\/infovera.com.ar\/web\/wp-json\/wp\/v2\/tags?post=21067"}],"curies":[{"name":"wp","href":"https:\/\/api.w.org\/{rel}","templated":true}]}}