{"id":21033,"date":"2021-05-22T14:44:53","date_gmt":"2021-05-22T17:44:53","guid":{"rendered":"https:\/\/infovera.com.ar\/web\/?p=21033"},"modified":"2021-05-22T14:44:53","modified_gmt":"2021-05-22T17:44:53","slug":"la-corte-suprema-dispuso-asueto-administrativo-ante-la-segunda-ola-de-covid","status":"publish","type":"post","link":"https:\/\/infovera.com.ar\/web\/2021\/05\/22\/la-corte-suprema-dispuso-asueto-administrativo-ante-la-segunda-ola-de-covid\/","title":{"rendered":"La Corte Suprema dispuso asueto administrativo ante la segunda ola de Covid"},"content":{"rendered":"<p><strong>Lo hizo a trav\u00e9s de una resoluci\u00f3n de su presidencia, por la cual se dispone receso administrativo en todo el \u00e1mbito del poder judicial hasta el 30 mayo pr\u00f3ximo y los d\u00edas 5 y 6 de junio venidero. <\/strong><\/p>\n<p>Se reorganizan los esquemas de atenci\u00f3n del servicio de justicia a casos urgentes y excepcionales, a fin de evitar la concurrencia de profesionales y p\u00fablico en los edificios sedes de los Tribunales. Se suspenden los plazos y t\u00e9rminos procesales, como tambi\u00e9n las audiencias programadas.<\/p>\n<p>La Corte Suprema de Justicia de la Provincia de Santa Fe, a trav\u00e9s de su presidencia, y con la deliberaci\u00f3n de todos sus integrantes, resolvi\u00f3 la re-adecuaci\u00f3n de la prestaci\u00f3n del servicio de justicia a las nuevas medidas y exigencias dispuestas por los Poderes Ejecutivos Nacional y Provincial, mediante Decretos\u00a0n.\u00b0 334 y 700, respectivamente. La resoluci\u00f3n de la m\u00e1xima autoridad judicial provincial tiene como fin principal mitigar la propagaci\u00f3n del Covid -19 (SARS &#8211; CoV-2) y propender a disminuir el impacto de la segunda ola de contagios en el \u00e1mbito de la justicia santafesina.<\/p>\n<p>En tal sentido, se dispuso el receso administrativo en todo el \u00e1mbito del Poder Judicial Santafesino desde el 22 al 30 de mayo y los d\u00edas 5 y 6 de junio venidero. Se readecu\u00f3 el organigrama de funciones y esquemas de trabajo a lo dispuesto en el marco general de los decretos citados.<\/p>\n<p>En consecuencia, se suspenden los plazos y t\u00e9rminos judiciales, como la celebraci\u00f3n de audiencias programadas. Para casos urgentes y excepcionales que podr\u00edan acarrear la p\u00e9rdida de derechos, se encuentra dispuesto un sistema de turnos por fuero e instancias (ver planilla adjunta) adaptado a las circunstancias excepcional\u00edsimas de p\u00fabico conocimiento, y a criterio de los magistrados\/as. El mismo establece como horario de atenci\u00f3n p\u00fablica de 7.15 a 12.45hs., para los casos contemplados en las excepciones, como de urgente despacho o que por su naturaleza no admitan su postergaci\u00f3n.<\/p>\n<p>La asistencia y eventual presencia de profesionales, auxiliares y p\u00fablico en los edificios del Poder Judicial de la Provincia se limitar\u00e1 a casos excepcionales, puntuales y justificados. Para el ingreso a dichas instalaciones se deber\u00e1 contar -sin excepciones- con el turno previo asignado por el sistema web vigente, limitado -a su vez- al criterio del juez\/a designado en el organigrama de emergencia sanitaria.<\/p>\n<p>En relaci\u00f3n al fuero Penal del Poder Judicial de la Provincia, las actuales condiciones obligan a suspender las audiencias de car\u00e1cter presencial, permiti\u00e9ndose utilizar las herramientas inform\u00e1ticas a fin de celebrar audiencias a distancia. Para el caso que sea habilitada la presencialidad ante el juez\/a a cargo de la\/s audiencia\/s, la\/s misma\/s se realizar\u00e1\/n de forma estricta, adecuada\/s a los protocolos de higiene y seguridad sanitaria oportunamente aprobados.<\/p>\n<p>Para finalizar, la Corte Suprema solicita la m\u00e1xima comprensi\u00f3n y colaboraci\u00f3n de todos\/as los\/as integrantes del poder judicial, de los profesionales abogados\/as, auxiliares de la justicia y del p\u00fablico en general a fin de llevar adelante las medidas dispuestas en orden a la preservaci\u00f3n de la salud y mitigaci\u00f3n del fuerte impacto que esta provocando la expansi\u00f3n del Covid &#8211; 19 en la sociedad toda.<\/p>\n<p>&nbsp;<\/p>\n","protected":false},"excerpt":{"rendered":"<p>Lo hizo a trav\u00e9s de una resoluci\u00f3n de su presidencia, por la cual se dispone receso administrativo en todo el \u00e1mbito del poder judicial hasta el 30 mayo pr\u00f3ximo y los d\u00edas 5 y 6 de junio venidero. Se reorganizan los esquemas de atenci\u00f3n del servicio de justicia a casos urgentes y excepcionales, a fin [&hellip;]<\/p>\n","protected":false},"author":3,"featured_media":4164,"comment_status":"open","ping_status":"open","sticky":false,"template":"","format":"standard","meta":{"_joinchat":[],"footnotes":""},"categories":[60],"tags":[],"class_list":{"0":"post-21033","1":"post","2":"type-post","3":"status-publish","4":"format-standard","5":"has-post-thumbnail","7":"category-provinciales"},"_links":{"self":[{"href":"https:\/\/infovera.com.ar\/web\/wp-json\/wp\/v2\/posts\/21033","targetHints":{"allow":["GET"]}}],"collection":[{"href":"https:\/\/infovera.com.ar\/web\/wp-json\/wp\/v2\/posts"}],"about":[{"href":"https:\/\/infovera.com.ar\/web\/wp-json\/wp\/v2\/types\/post"}],"author":[{"embeddable":true,"href":"https:\/\/infovera.com.ar\/web\/wp-json\/wp\/v2\/users\/3"}],"replies":[{"embeddable":true,"href":"https:\/\/infovera.com.ar\/web\/wp-json\/wp\/v2\/comments?post=21033"}],"version-history":[{"count":0,"href":"https:\/\/infovera.com.ar\/web\/wp-json\/wp\/v2\/posts\/21033\/revisions"}],"wp:featuredmedia":[{"embeddable":true,"href":"https:\/\/infovera.com.ar\/web\/wp-json\/wp\/v2\/media\/4164"}],"wp:attachment":[{"href":"https:\/\/infovera.com.ar\/web\/wp-json\/wp\/v2\/media?parent=21033"}],"wp:term":[{"taxonomy":"category","embeddable":true,"href":"https:\/\/infovera.com.ar\/web\/wp-json\/wp\/v2\/categories?post=21033"},{"taxonomy":"post_tag","embeddable":true,"href":"https:\/\/infovera.com.ar\/web\/wp-json\/wp\/v2\/tags?post=21033"}],"curies":[{"name":"wp","href":"https:\/\/api.w.org\/{rel}","templated":true}]}}