{"id":21023,"date":"2021-05-22T14:41:32","date_gmt":"2021-05-22T17:41:32","guid":{"rendered":"https:\/\/infovera.com.ar\/web\/?p=21023"},"modified":"2021-05-22T14:41:32","modified_gmt":"2021-05-22T17:41:32","slug":"para-el-socialismo-una-vez-mas-queda-en-evidencia-que-este-gobierno-no-tiene-plan-ni-capacidad-de-gestion","status":"publish","type":"post","link":"https:\/\/infovera.com.ar\/web\/2021\/05\/22\/para-el-socialismo-una-vez-mas-queda-en-evidencia-que-este-gobierno-no-tiene-plan-ni-capacidad-de-gestion\/","title":{"rendered":"Para el Socialismo, una vez m\u00e1s &#8220;queda en evidencia que este gobierno no tiene plan ni capacidad de gesti\u00f3n&#8221;"},"content":{"rendered":"<p><strong>Diputadas y diputados provinciales rechazaron de plano la decisi\u00f3n de suspender las clases virtuales. \u201cBuscan politizar la medida confundiendo con proyectos de ley de conectividad en los que hay mucha improvisaci\u00f3n. Ya pas\u00f3 m\u00e1s de un a\u00f1o para hacer las obras y cumplir con lo que prometi\u00f3 el gobernador\u201d, afirmaron.<\/strong><\/p>\n<p>El bloque de diputadas y diputados Socialistas (FPCyS) rechaz\u00f3 de plano la decisi\u00f3n del Ministerio de Educaci\u00f3n de suspender las clases virtuales para el mi\u00e9rcoles, jueves y viernes de la semana pr\u00f3xima as\u00ed como tambi\u00e9n las explicaciones de la ministra Adriana Cantero para fundamentar la medida.<\/p>\n<p>\u201cEs una decisi\u00f3n lamentable y sin justificaci\u00f3n alguna. Es incre\u00edble que la ministra afirme que la suspensi\u00f3n de las clases virtuales contribuye a restringir la circulaci\u00f3n de personas y a mejorar la cr\u00edtica situaci\u00f3n epidemiol\u00f3gica que estamos atravesando\u201d, sostuvieron.<\/p>\n<p>A la vez, acusaron a los funcionarios del gobierno provincial de \u201cespecular con la pandemia. Suspenden sin explicaci\u00f3n la educaci\u00f3n virtual y desde el Ministerio de Educaci\u00f3n buscan politizar la medida confundiendo con proyectos de ley de conectividad en los que hay mucha improvisaci\u00f3n. Una vez m\u00e1s queda en evidencia que este es un gobierno sin plan ni capacidad de gesti\u00f3n\u201d.<\/p>\n<p>Las legisladoras y legisladores socialistas cuestionaron los argumentos de Cantero, quien se\u00f1al\u00f3 que la educaci\u00f3n virtual en la provincia solo es posible para \u201cun grupo m\u00ednimo\u201d de estudiantes, ya que \u201cla inmensa mayor\u00eda carece de conectividad, por lo tanto, dar continuidad con esos recursos implicar\u00eda la posibilidad de unos pocos\u201d.<\/p>\n<p>En este sentido, se\u00f1alaron que \u201cya transcurri\u00f3 m\u00e1s de un a\u00f1o de gobierno como para hacer las obras necesarias para mejorar la conectividad, tal como se comprometi\u00f3 el gobernador Omar Perotti, sin necesidad de que la C\u00e1mara de Diputadas y Diputados vote el dudoso proyecto de endeudamiento de 100 millones de d\u00f3lares que envi\u00f3\u201d. Y al igual que legisladores de otras fuerzas apuntaron: \u201cDurante todo 2020 nos hicieron creer que se dictaban clases virtuales cuando en realidad s\u00f3lo llegaban a un grupo m\u00ednimo\u201d.<\/p>\n<p>\u201cLe pedimos al gobernador Perotti y a la ministra Cantero que revean esta medida de manera urgente. Hoy la educaci\u00f3n es m\u00e1s necesaria que nunca, respetando todos los protocolos sanitarios, algo que es perfectamente posible mediante la virtualidad. De hecho, hasta los gremios docentes se desmarcaron de la medida del gobierno y pidieron que haya clases\u201d, subrayaron.<\/p>\n<p><strong>LOS PROYECTOS LEGISLATIVOS<\/strong><\/p>\n<p>El bloque Socialistas record\u00f3 que \u201cel 1\u00b0 de mayo de 2020, el gobernador Perotti anunci\u00f3 el tema conectividad, pero pasaron siete meses hasta que los mensajes llegaron a la C\u00e1mara de Diputadas y Diputados. All\u00ed inmediatamente se cit\u00f3 a los funcionarios a concurrir para explicar el proyecto, invitaci\u00f3n que cancelaron en tres oportunidades. Finalmente, el 15 de diciembre de 2020 se envi\u00f3 un pedido escrito al gobierno provincial con las dudas y consultas sobre las propuestas presentadas, nota que reci\u00e9n respondi\u00f3 de manera parcial en marzo de este a\u00f1o. De qui\u00e9n es entonces la demora y falta de concreciones\u201d, inquirieron.<\/p>\n<p>Las y los legisladores tambi\u00e9n remarcaron \u201clas idas y vueltas del gobierno\u201d que,\u00a0 ante el pedido para que explicite los proyectos definitivos para financiar con el endeudamiento solicitado, respondi\u00f3 reci\u00e9n en marzo que \u201cestaban en elaboraci\u00f3n\u201d. Y ante la observaci\u00f3n de que la provincia ya dispone en sus cuentas bancarias fondos por seis veces lo que se solicita endeudarse, la respuesta fue que esa cifra \u201cno era cercana a la correcta\u201d, pero sin explicitar cu\u00e1l lo es. En lo que respecta al contenido del proyecto educativo, \u201cla respuesta conten\u00eda breves p\u00e1rrafos de generalidades\u201d, aseguraron.<\/p>\n<p>\u201cLa importancia humana y social de la educaci\u00f3n, y del cuidado de nuestras infancias y de toda la comunidad educativa requieren de seriedad pol\u00edtica. En los pr\u00f3ximos d\u00edas convocaremos nuevamente a los funcionarios a brindar las explicaciones faltantes, agendando la reuni\u00f3n que se suspendi\u00f3 en abril por razones de su salud que son de p\u00fablico conocimiento\u201d, concluyeron.<\/p>\n","protected":false},"excerpt":{"rendered":"<p>Diputadas y diputados provinciales rechazaron de plano la decisi\u00f3n de suspender las clases virtuales. \u201cBuscan politizar la medida confundiendo con proyectos de ley de conectividad en los que hay mucha improvisaci\u00f3n. Ya pas\u00f3 m\u00e1s de un a\u00f1o para hacer las obras y cumplir con lo que prometi\u00f3 el gobernador\u201d, afirmaron. El bloque de diputadas y [&hellip;]<\/p>\n","protected":false},"author":3,"featured_media":21029,"comment_status":"open","ping_status":"open","sticky":false,"template":"","format":"standard","meta":{"_joinchat":[],"footnotes":""},"categories":[1],"tags":[],"class_list":{"0":"post-21023","1":"post","2":"type-post","3":"status-publish","4":"format-standard","5":"has-post-thumbnail","7":"category-sin-categoria"},"_links":{"self":[{"href":"https:\/\/infovera.com.ar\/web\/wp-json\/wp\/v2\/posts\/21023","targetHints":{"allow":["GET"]}}],"collection":[{"href":"https:\/\/infovera.com.ar\/web\/wp-json\/wp\/v2\/posts"}],"about":[{"href":"https:\/\/infovera.com.ar\/web\/wp-json\/wp\/v2\/types\/post"}],"author":[{"embeddable":true,"href":"https:\/\/infovera.com.ar\/web\/wp-json\/wp\/v2\/users\/3"}],"replies":[{"embeddable":true,"href":"https:\/\/infovera.com.ar\/web\/wp-json\/wp\/v2\/comments?post=21023"}],"version-history":[{"count":0,"href":"https:\/\/infovera.com.ar\/web\/wp-json\/wp\/v2\/posts\/21023\/revisions"}],"wp:featuredmedia":[{"embeddable":true,"href":"https:\/\/infovera.com.ar\/web\/wp-json\/wp\/v2\/media\/21029"}],"wp:attachment":[{"href":"https:\/\/infovera.com.ar\/web\/wp-json\/wp\/v2\/media?parent=21023"}],"wp:term":[{"taxonomy":"category","embeddable":true,"href":"https:\/\/infovera.com.ar\/web\/wp-json\/wp\/v2\/categories?post=21023"},{"taxonomy":"post_tag","embeddable":true,"href":"https:\/\/infovera.com.ar\/web\/wp-json\/wp\/v2\/tags?post=21023"}],"curies":[{"name":"wp","href":"https:\/\/api.w.org\/{rel}","templated":true}]}}