{"id":20971,"date":"2021-05-21T20:04:03","date_gmt":"2021-05-21T23:04:03","guid":{"rendered":"https:\/\/infovera.com.ar\/web\/?p=20971"},"modified":"2021-05-21T20:08:58","modified_gmt":"2021-05-21T23:08:58","slug":"suspenden-la-actividad-educativa-la-semana-proxima-en-todo-el-territorio-provincial","status":"publish","type":"post","link":"https:\/\/infovera.com.ar\/web\/2021\/05\/21\/suspenden-la-actividad-educativa-la-semana-proxima-en-todo-el-territorio-provincial\/","title":{"rendered":"Suspender\u00e1n la actividad educativa la semana pr\u00f3xima en todo el territorio provincial"},"content":{"rendered":"<p><strong>El gobierno de la provincia, inform\u00f3 que el territorio santafesino se encuentra atravesando el mayor crecimiento de la curva epidemiol\u00f3gica en el marco de la segundo ola de Covid 19, con una riesgosa saturaci\u00f3n en la utilizaci\u00f3n de camas cr\u00edticas. <\/strong><\/p>\n<p>Es por ello que urge fortalecer el cuidado personal y colectivo para preservar la salud de todas y todos.En ese sentido, el DNU del presidente de la Naci\u00f3n y la consecuente adhesi\u00f3n del Estado provincial nos indica reducir al m\u00e1ximo la circulaci\u00f3n de personas hasta el 31 de mayo.<\/p>\n<p>En ese marco, la escuela como formadora de ciudadan\u00eda, una ciudadan\u00eda responsable, solidaria y comprometida con el bien de todas y todos, aportar\u00e1 a la concreci\u00f3n del objetivo de disminuir la movilidad poblacional suspendiendo la actividad educativa durante los tres d\u00edas que se suceden luego de los feriados del 24 y 25 de mayo. As\u00ed, las autoridades del Ministerio de Educaci\u00f3n de Santa Fe han determinado para los d\u00edas mi\u00e9rcoles 26, jueves 27 y viernes 28 de mayo poner el acento en la mayor disminuci\u00f3n de la circulaci\u00f3n de personas, comprometi\u00e9ndose con el objetivo fundamental de las restricciones impuestas para toda la poblaci\u00f3n y resolver con los docentes un tiempo de trabajo profesional en beneficio de acciones fundamentales para la ense\u00f1anza y para el cierre del primer per\u00edodo escolar.<\/p>\n<p>Por otra parte, es necesario aclarar, frente a las consultas realizadas sobre la educaci\u00f3n virtual, que la misma en nuestra provincia solo es posible sostener con un grupo m\u00ednimo, ya que la inmensa mayor\u00eda de nuestra poblaci\u00f3n escolar carece de conectividad, por lo tanto, dar continuidad con esos recursos, implicar\u00eda la posibilidad de unos pocos.<\/p>\n<p>Adem\u00e1s, la educaci\u00f3n en la distancia presupone una amplia serie de actividades y dispositivos que exceden lo virtual, tales como la entrega de materiales impresos, la orientaci\u00f3n focalizada de peque\u00f1os grupos de alumnos, tutor\u00edas, y consultas, en una frecuencia reducida. \u00a0Esto supone igual, aunque administrada y acotada, circulaci\u00f3n de personas, que es lo que se pretende evitar.<\/p>\n<p>Esta realidad sigue poniendo en evidencia la necesidad del tratamiento de la ley de conectividad en la provincia.<\/p>\n<p>Por \u00faltimo, resulta oportuno explicitar que se contin\u00faa con la modalidad de monitoreo d\u00eda a d\u00eda de la evaluaci\u00f3n de la situaci\u00f3n sanitaria y en funci\u00f3n de ese proceso al final de la semana pr\u00f3xima se resolver\u00e1 el formato escolar a seguir.<\/p>\n<p>No obstante, en ese per\u00edodo ser\u00e1 estrat\u00e9gico dedicar un tiempo a ciertas lecturas que requieren reflexi\u00f3n para orientar la tarea que sigue. Por tal motivo han propuesto:<\/p>\n<p>1. Leer el Calendario escolar 2021. Analizar las actividades que involucran el hacer de cada uno y planificar en consecuencia;<\/p>\n<p>2. Volver al documento de Evaluaci\u00f3n formativa que les fuera distribuido el a\u00f1o pasado y que se constituye en material de trabajo permanente. Es este unbuen momento para proponer en ese marco, las acciones que orientar\u00e1n la evaluaci\u00f3n del primer per\u00edodo escolar.<\/p>\n","protected":false},"excerpt":{"rendered":"<p>El gobierno de la provincia, inform\u00f3 que el territorio santafesino se encuentra atravesando el mayor crecimiento de la curva epidemiol\u00f3gica en el marco de la segundo ola de Covid 19, con una riesgosa saturaci\u00f3n en la utilizaci\u00f3n de camas cr\u00edticas. Es por ello que urge fortalecer el cuidado personal y colectivo para preservar la salud [&hellip;]<\/p>\n","protected":false},"author":3,"featured_media":6809,"comment_status":"open","ping_status":"open","sticky":false,"template":"","format":"standard","meta":{"_joinchat":[],"footnotes":""},"categories":[60],"tags":[],"class_list":{"0":"post-20971","1":"post","2":"type-post","3":"status-publish","4":"format-standard","5":"has-post-thumbnail","7":"category-provinciales"},"_links":{"self":[{"href":"https:\/\/infovera.com.ar\/web\/wp-json\/wp\/v2\/posts\/20971","targetHints":{"allow":["GET"]}}],"collection":[{"href":"https:\/\/infovera.com.ar\/web\/wp-json\/wp\/v2\/posts"}],"about":[{"href":"https:\/\/infovera.com.ar\/web\/wp-json\/wp\/v2\/types\/post"}],"author":[{"embeddable":true,"href":"https:\/\/infovera.com.ar\/web\/wp-json\/wp\/v2\/users\/3"}],"replies":[{"embeddable":true,"href":"https:\/\/infovera.com.ar\/web\/wp-json\/wp\/v2\/comments?post=20971"}],"version-history":[{"count":0,"href":"https:\/\/infovera.com.ar\/web\/wp-json\/wp\/v2\/posts\/20971\/revisions"}],"wp:featuredmedia":[{"embeddable":true,"href":"https:\/\/infovera.com.ar\/web\/wp-json\/wp\/v2\/media\/6809"}],"wp:attachment":[{"href":"https:\/\/infovera.com.ar\/web\/wp-json\/wp\/v2\/media?parent=20971"}],"wp:term":[{"taxonomy":"category","embeddable":true,"href":"https:\/\/infovera.com.ar\/web\/wp-json\/wp\/v2\/categories?post=20971"},{"taxonomy":"post_tag","embeddable":true,"href":"https:\/\/infovera.com.ar\/web\/wp-json\/wp\/v2\/tags?post=20971"}],"curies":[{"name":"wp","href":"https:\/\/api.w.org\/{rel}","templated":true}]}}