{"id":20916,"date":"2021-05-21T10:04:59","date_gmt":"2021-05-21T13:04:59","guid":{"rendered":"https:\/\/infovera.com.ar\/web\/?p=20916"},"modified":"2021-05-21T14:28:32","modified_gmt":"2021-05-21T17:28:32","slug":"covid-19-numeros-rojos-en-varios-distritos-del-departamento-vera-y-un-fallecido","status":"publish","type":"post","link":"https:\/\/infovera.com.ar\/web\/2021\/05\/21\/covid-19-numeros-rojos-en-varios-distritos-del-departamento-vera-y-un-fallecido\/","title":{"rendered":"Covid 19: n\u00fameros rojos en varios distritos del departamento Vera y un fallecido"},"content":{"rendered":"<p><strong>Informe de fecha 20\/05\/2021. 20,00 hs. Covid-19 &#8211; Departamento Vera -Comit\u00e9 departamental de emergencia por Coronavirus.<\/strong><\/p>\n<p><span style=\"color: #ff0000;\"><strong>VERA<\/strong><\/span><br \/>\n<span style=\"color: #ff0000;\"><strong>Positivos nuevos 12. (Determinados: 11 por m\u00e9todo AG; 1 por PCR).<\/strong><\/span><br \/>\nResultados Negativos 11. (Determinados: 8 por m\u00e9todo AG; 3 por PCR).<br \/>\n<strong><span style=\"color: #808080;\">Fallecidos 1. (Masculino de 30 a\u00f1os que se encontraba internado en el hospital central de <\/span><\/strong><strong><span style=\"color: #808080;\">Reconquista).<\/span><\/strong><br \/>\nSospechosos 30. (A la espera de 7 resultados por PCR).<br \/>\nCasos positivos acumulados 1220.<br \/>\nTotal de Recuperados 1136. (En el d\u00eda de la fecha se otorgaron 9 altas).<br \/>\nFallecidos acumulados 25.<br \/>\nPositivos Activos 59.<br \/>\n<strong><span style=\"color: #008000;\">Internados 4. (3 en el hospital de Vera; 1 en el hospital central de Reconquista).<\/span><\/strong><br \/>\nPersonas en aislamiento preventivo: 159.<\/p>\n<p><span style=\"color: #ff0000;\"><strong>CALCHAQU\u00cd<\/strong><\/span><br \/>\n<span style=\"color: #ff0000;\"><strong>Positivos nuevos 3. (Determinados: 1 por m\u00e9todo AG; 2 por PCR).<\/strong><\/span><br \/>\nResultados Negativos 17. (Determinados: 11 por m\u00e9todo AG; 6 por PCR).<br \/>\nSospechosos 12. (Hisopados en el d\u00eda de la fecha, a la espera de los resultados por PCR).<br \/>\nCasos positivos acumulados 591.<br \/>\nTotal de Recuperados 552. (En el d\u00eda de la fecha se otorg\u00f3 1 alta).<br \/>\nFallecidos acumulados 22.<br \/>\nPositivos Activos 17.<br \/>\n<strong><span style=\"color: #008000;\">Internados 3. (En centros de mayor complejidad).<\/span><\/strong><br \/>\nPersonas en aislamiento preventivo: 25.<\/p>\n<p><span style=\"color: #ff0000;\"><strong>MARGARITA<\/strong><\/span><br \/>\n<span style=\"color: #ff0000;\"><strong>Positivos nuevos 4. (Determinados: 1 por m\u00e9todo AG; 3 por PCR).<\/strong><\/span><br \/>\nResultados Negativos 1. (Determinado por m\u00e9todo PCR).<br \/>\nCasos positivos acumulados 217.<br \/>\nTotal de Recuperados 200. (En el d\u00eda de la fecha se otorg\u00f3 1 alta).<br \/>\nFallecidos acumulados 5.<br \/>\nPositivos Activos 12.<br \/>\nInternados 2. (1 en el Samco de Margarita; 1 en el hospital de Vera).<br \/>\nPersonas en aislamiento preventivo: 38.<\/p>\n<p><span style=\"color: #ff0000;\"><strong>LA GALLARETA<\/strong><\/span><br \/>\n<span style=\"color: #ff0000;\"><strong>Positivos nuevos 3.<\/strong><\/span><br \/>\nSospechosos 9. (4 hisopados en el d\u00eda de la fecha, a la espera de los resultados por PCR).<br \/>\nCasos positivos acumulados 64.<br \/>\nTotal de Recuperados 53.<br \/>\nFallecidos acumulados 2.<br \/>\nPositivos Activos 9. (En sus domicilios).<br \/>\nPersonas en aislamiento preventivo: 30. (Por tener contacto estrecho con un caso positivo y con un caso sospechoso).<\/p>\n<p><span style=\"color: #ff0000;\"><strong>FORTIN OLMOS<\/strong><\/span><br \/>\n<span style=\"color: #ff0000;\"><strong>Positivos nuevos 3. (Determinados por m\u00e9todo PCR).<\/strong><\/span><br \/>\nResultados Negativos 1. (Determinado por m\u00e9todo PCR).<br \/>\nSospechosos 4. (En sus domicilios).<br \/>\nCasos positivos acumulados 60.<br \/>\nTotal de Recuperados 54.<br \/>\nFallecidos acumulados 2.<br \/>\nPositivos Activos 4. (En sus domicilios con buen estado de salud).<br \/>\nPersonas en aislamiento preventivo: 40. (Por tener contacto estrecho con un caso positivo de otra localidad y con un caso sospechoso).<\/p>\n<p><span style=\"color: #ff0000;\"><strong>INTIYACO<\/strong><\/span><br \/>\n<span style=\"color: #ff0000;\"><strong>Positivos nuevos 2. (Determinados por m\u00e9todo AG).<\/strong><\/span><br \/>\nCasos positivos acumulados 84.<br \/>\nTotal de Recuperados 76. (En el d\u00eda de la fecha se otorgaron 6 altas).<br \/>\nFallecidos acumulados 1.<br \/>\nPositivos Activos 7.<br \/>\nInternados 2. (1 en el hospital de Vera; 1 en el hospital central de Reconquista).<br \/>\nPersonas en aislamiento preventivo: 12. (Por tener contacto estrecho con un caso positivo).<\/p>\n<p><strong>GARABATO<\/strong><br \/>\n<strong>Sospechosos 3.<\/strong><br \/>\nCasos positivos acumulados 29.<br \/>\nTotal de Recuperados 24.<br \/>\nFallecidos acumulados 4.<br \/>\nPositivos Activos 1. (En su domicilio con buen estado de salud).<br \/>\nPersonas en aislamiento preventivo: 8. (4 por tener contacto estrecho con un caso positivo y 4 con un caso sospechoso).<\/p>\n<p><span style=\"color: #ff0000;\"><strong>TARTAGAL<\/strong><\/span><br \/>\n<span style=\"color: #ff0000;\"><strong>Positivos nuevos 1.<\/strong><\/span><br \/>\nSospechosos 5. (Hisopados en el d\u00eda de la fecha, a la espera de los resultados por PCR).<br \/>\nCasos positivos acumulados 63.<br \/>\nTotal de Recuperados 40.<br \/>\nFallecidos acumulados 4.<br \/>\nPositivos Activos 19. (En sus domicilios con buen estado de salud).<br \/>\nPersonas en aislamiento preventivo: 100.<\/p>\n<p><strong>TOBA<\/strong><br \/>\nCasos positivos acumulados 17.<br \/>\nTotal de Recuperados 15.<br \/>\nPositivos Activos 2. (En sus domicilios con s\u00edntomas leves).<br \/>\nPersonas en aislamiento preventivo: 0.<\/p>\n<p><strong>GOLONDRINA<\/strong><br \/>\nCasos positivos acumulados 28.<br \/>\nTotal de Recuperados 12.<br \/>\nPositivos Activos 16. (En sus domicilios con buen estado de salud).<br \/>\nPersonas en aislamiento preventivo: 0.<br \/>\nComit\u00e9 departamental de emergencia por Coronavirus 3<\/p>\n<p><span style=\"color: #ff0000;\"><strong>LOS AMORES<\/strong><\/span><br \/>\n<span style=\"color: #ff0000;\"><strong>Positivos nuevos 3.<\/strong><\/span><br \/>\nCasos positivos acumulados 21.<br \/>\nTotal de Recuperados 11.<br \/>\nPositivos Activos 10. (En sus domicilios con buen estado de salud).<br \/>\nPersonas en aislamiento preventivo: 15. (Por tener contacto estrecho con un caso positivo).<\/p>\n<p><strong>CA\u00d1ADA OMB\u00da<\/strong><br \/>\nCasos positivos acumulados 1.<br \/>\nTotal de Recuperados 1.<br \/>\nPersonas en aislamiento preventivo: 0.<\/p>\n<p><strong>LOS TABANOS<\/strong><br \/>\nCasos positivos acumulados 8.<br \/>\nTotal de Recuperados 0.<br \/>\nFallecidos acumulados 1.<br \/>\nPositivos Activos 7. (En sus domicilios con buen estado de salud).<br \/>\nPersonas en aislamiento preventivo: 0.<\/p>\n<p>RESTO DE LAS LOCALIDADES DEL DEPARTAMENTO<br \/>\nSin Novedades.<\/p>\n","protected":false},"excerpt":{"rendered":"<p>Informe de fecha 20\/05\/2021. 20,00 hs. Covid-19 &#8211; Departamento Vera -Comit\u00e9 departamental de emergencia por Coronavirus. VERA Positivos nuevos 12. (Determinados: 11 por m\u00e9todo AG; 1 por PCR). Resultados Negativos 11. (Determinados: 8 por m\u00e9todo AG; 3 por PCR). Fallecidos 1. (Masculino de 30 a\u00f1os que se encontraba internado en el hospital central de Reconquista). [&hellip;]<\/p>\n","protected":false},"author":3,"featured_media":0,"comment_status":"open","ping_status":"open","sticky":false,"template":"","format":"standard","meta":{"_joinchat":[],"footnotes":""},"categories":[51],"tags":[],"class_list":{"0":"post-20916","1":"post","2":"type-post","3":"status-publish","4":"format-standard","6":"category-locales"},"_links":{"self":[{"href":"https:\/\/infovera.com.ar\/web\/wp-json\/wp\/v2\/posts\/20916","targetHints":{"allow":["GET"]}}],"collection":[{"href":"https:\/\/infovera.com.ar\/web\/wp-json\/wp\/v2\/posts"}],"about":[{"href":"https:\/\/infovera.com.ar\/web\/wp-json\/wp\/v2\/types\/post"}],"author":[{"embeddable":true,"href":"https:\/\/infovera.com.ar\/web\/wp-json\/wp\/v2\/users\/3"}],"replies":[{"embeddable":true,"href":"https:\/\/infovera.com.ar\/web\/wp-json\/wp\/v2\/comments?post=20916"}],"version-history":[{"count":0,"href":"https:\/\/infovera.com.ar\/web\/wp-json\/wp\/v2\/posts\/20916\/revisions"}],"wp:attachment":[{"href":"https:\/\/infovera.com.ar\/web\/wp-json\/wp\/v2\/media?parent=20916"}],"wp:term":[{"taxonomy":"category","embeddable":true,"href":"https:\/\/infovera.com.ar\/web\/wp-json\/wp\/v2\/categories?post=20916"},{"taxonomy":"post_tag","embeddable":true,"href":"https:\/\/infovera.com.ar\/web\/wp-json\/wp\/v2\/tags?post=20916"}],"curies":[{"name":"wp","href":"https:\/\/api.w.org\/{rel}","templated":true}]}}