{"id":20892,"date":"2021-05-20T19:37:42","date_gmt":"2021-05-20T22:37:42","guid":{"rendered":"https:\/\/infovera.com.ar\/web\/?p=20892"},"modified":"2021-05-21T14:29:13","modified_gmt":"2021-05-21T17:29:13","slug":"se-realizo-la-audiencia-de-revision-de-condena-para-juan-valdez-sentenciado-a-perpetua-en-primera-instancia","status":"publish","type":"post","link":"https:\/\/infovera.com.ar\/web\/2021\/05\/20\/se-realizo-la-audiencia-de-revision-de-condena-para-juan-valdez-sentenciado-a-perpetua-en-primera-instancia\/","title":{"rendered":"Se realiz\u00f3 la audiencia de revisi\u00f3n de condena para Juan Valdez, sentenciado a perpetua en primera instancia por el femicidio de Rosal\u00eda Jara"},"content":{"rendered":"<p><strong>Hoy desde las 9 hs se llev\u00f3 a cabo en esta ciudad la audiencia de revisi\u00f3n de pena para el profesor Juan Valdez, condenado en primera instancia por el femicidio de Rosal\u00eda jara.<\/strong><\/p>\n<p>El debate, al que se lleg\u00f3 como consecuencia de la apelaci\u00f3n de la defensa que volvi\u00f3 a estar en manos del abogado Jorge Bedouret, se extendi\u00f3 por casi 6 horas.<\/p>\n<p>En t\u00e9rminos concretos, el fiscal Nicol\u00e1s Maglier, que represent\u00f3 al MPA, pidi\u00f3 que la sentencia quede firme, con lo qu estuvo de acuerdo la abogada querellante Carolina Walker.<\/p>\n<p>Por su parte, Bedouret reclam\u00f3 que su defendido sea absuelto de culpa y cargo por entender que no fue autor del crimen de g\u00e9nero.<\/p>\n<p>La audiencia por Zoom estuvo presidida por el camarista Jos\u00e9 M\u00e1ntaras, que ahora dispondr\u00e1 de un plazo legal para llegar a un veredicto.<\/p>\n<p>La familia de Rosal\u00eda Jara estuvo presente virtualmente y al t\u00e9rmino de la misma lament\u00f3 que &#8220;toda la jornada estuvieron discutiendo sobre lo mismo, abriendo heridas y recuerdos dolorosos para la familia, falt\u00e1ndole el respeto a la memoria de Rosalia Jara y manoseando con tanto libertinaje su corta vida. Genera mucha impotencia tener que escuchar tantas mentiras y m\u00e1s a\u00fan, cuando son tan despectivo e ir\u00f3nicos al decirlo \u00bfSer\u00e1 que a la hora de hacer su trabajo, el coraz\u00f3n se les vuelve piedra? Ojal\u00e1 esto se acabe pronto&#8230;&#8221;.<img loading=\"lazy\" decoding=\"async\" class=\" wp-image-20757 aligncenter\" src=\"https:\/\/infovera.com.ar\/web\/wp-content\/uploads\/2021\/05\/ACOSTA-3-1-300x54.jpg\" alt=\"\" width=\"605\" height=\"109\" srcset=\"https:\/\/infovera.com.ar\/web\/wp-content\/uploads\/2021\/05\/ACOSTA-3-1-300x54.jpg 300w, https:\/\/infovera.com.ar\/web\/wp-content\/uploads\/2021\/05\/ACOSTA-3-1.jpg 670w\" sizes=\"auto, (max-width: 605px) 100vw, 605px\" \/><\/p>\n<p>A su vez, colectivos feministas protestaron en las redes: &#8220;En Fort\u00edn Olmos hay un profesor abusador y femicida, y la Justicia sigue revisando la sentencia. Nada que revisar, perpetua para Juan Valdez, femicida de Rosal\u00eda Jara&#8221;.<\/p>\n<p>&nbsp;<\/p>\n","protected":false},"excerpt":{"rendered":"<p>Hoy desde las 9 hs se llev\u00f3 a cabo en esta ciudad la audiencia de revisi\u00f3n de pena para el profesor Juan Valdez, condenado en primera instancia por el femicidio de Rosal\u00eda jara. El debate, al que se lleg\u00f3 como consecuencia de la apelaci\u00f3n de la defensa que volvi\u00f3 a estar en manos del abogado [&hellip;]<\/p>\n","protected":false},"author":3,"featured_media":20903,"comment_status":"open","ping_status":"open","sticky":false,"template":"","format":"standard","meta":{"_joinchat":[],"footnotes":""},"categories":[53],"tags":[],"class_list":{"0":"post-20892","1":"post","2":"type-post","3":"status-publish","4":"format-standard","5":"has-post-thumbnail","7":"category-vera"},"_links":{"self":[{"href":"https:\/\/infovera.com.ar\/web\/wp-json\/wp\/v2\/posts\/20892","targetHints":{"allow":["GET"]}}],"collection":[{"href":"https:\/\/infovera.com.ar\/web\/wp-json\/wp\/v2\/posts"}],"about":[{"href":"https:\/\/infovera.com.ar\/web\/wp-json\/wp\/v2\/types\/post"}],"author":[{"embeddable":true,"href":"https:\/\/infovera.com.ar\/web\/wp-json\/wp\/v2\/users\/3"}],"replies":[{"embeddable":true,"href":"https:\/\/infovera.com.ar\/web\/wp-json\/wp\/v2\/comments?post=20892"}],"version-history":[{"count":0,"href":"https:\/\/infovera.com.ar\/web\/wp-json\/wp\/v2\/posts\/20892\/revisions"}],"wp:featuredmedia":[{"embeddable":true,"href":"https:\/\/infovera.com.ar\/web\/wp-json\/wp\/v2\/media\/20903"}],"wp:attachment":[{"href":"https:\/\/infovera.com.ar\/web\/wp-json\/wp\/v2\/media?parent=20892"}],"wp:term":[{"taxonomy":"category","embeddable":true,"href":"https:\/\/infovera.com.ar\/web\/wp-json\/wp\/v2\/categories?post=20892"},{"taxonomy":"post_tag","embeddable":true,"href":"https:\/\/infovera.com.ar\/web\/wp-json\/wp\/v2\/tags?post=20892"}],"curies":[{"name":"wp","href":"https:\/\/api.w.org\/{rel}","templated":true}]}}