{"id":20882,"date":"2021-05-20T11:23:07","date_gmt":"2021-05-20T14:23:07","guid":{"rendered":"https:\/\/infovera.com.ar\/web\/?p=20882"},"modified":"2021-05-21T10:48:06","modified_gmt":"2021-05-21T13:48:06","slug":"hay-plazo-hasta-manana-21-de-mayo-para-tramitar-la-asistencia-economica-de-emergencia","status":"publish","type":"post","link":"https:\/\/infovera.com.ar\/web\/2021\/05\/20\/hay-plazo-hasta-manana-21-de-mayo-para-tramitar-la-asistencia-economica-de-emergencia\/","title":{"rendered":"Hay plazo hasta ma\u00f1ana 21 de mayo para tramitar la Asistencia Econ\u00f3mica de Emergencia"},"content":{"rendered":"<p><strong>La ayuda es para gimnasios, f\u00fatbol 5, paddle, centros de yoga y pilates que se encuentran cerrados.<\/strong><\/p>\n<p>El Ministerio de Producci\u00f3n, Ciencia y Tecnolog\u00eda, a trav\u00e9s de la Secretar\u00eda de Comercio Interior y Servicios, recuerda que hay plazo hasta ma\u00f1ana viernes 21 de mayo inclusive para la inscripci\u00f3n de interesados en percibir el aporte econ\u00f3mico de emergencia que se dispuso para los rubros limitados en su funcionamiento por las nuevas medidas de convivencia en pandemia.<\/p>\n<p>Al respecto, el secretario del \u00e1rea, Juan Marcos Aviano, precis\u00f3: &#8220;En la web oficial del Gobierno de Santa Fe se encuentra disponible el formulario de inscripci\u00f3n, un tr\u00e1mite muy sencillo y r\u00e1pido, para el cual se debe tener en mano la documentaci\u00f3n que all\u00ed se solicita en formato jpg o pdf. El subsidio es para el titular del local, comercio o establecimiento comprendido entre los rubros alcanzados&#8221;.<\/p>\n<p>Seguidamente, el funcionario plante\u00f3 que &#8220;en este esfuerzo que estamos haciendo las y los santafesinos, debemos estar cerca con medidas paliativas, esta segunda ola nos comprometi\u00f3 a todos, y en especial a estos rubros&#8221;.<\/p>\n<p>La asistencia econ\u00f3mica de emergencia es un programa creado en mayo de 2020 por el Gobierno Provincial, el cual ya lleva invertidos m\u00e1s de 1.134 millones de pesos, y fue ampliando su alcance a turismo, transporte y otros rubros del sector terciario.<\/p>\n<p>Para acceder a la informaci\u00f3n y formulario de inscripci\u00f3n, hacer click en este enlace:\u00a0<a href=\"https:\/\/www.santafe.gob.ar\/ms\/covid19\/asistencia-economica-de-emergencia\/\">https:\/\/www.santafe.gob.ar\/ms\/covid19\/asistencia-economica-de-emergencia\/<\/a><\/p>\n","protected":false},"excerpt":{"rendered":"<p>La ayuda es para gimnasios, f\u00fatbol 5, paddle, centros de yoga y pilates que se encuentran cerrados. El Ministerio de Producci\u00f3n, Ciencia y Tecnolog\u00eda, a trav\u00e9s de la Secretar\u00eda de Comercio Interior y Servicios, recuerda que hay plazo hasta ma\u00f1ana viernes 21 de mayo inclusive para la inscripci\u00f3n de interesados en percibir el aporte econ\u00f3mico [&hellip;]<\/p>\n","protected":false},"author":3,"featured_media":20884,"comment_status":"open","ping_status":"open","sticky":false,"template":"","format":"standard","meta":{"_joinchat":[],"footnotes":""},"categories":[60],"tags":[],"class_list":{"0":"post-20882","1":"post","2":"type-post","3":"status-publish","4":"format-standard","5":"has-post-thumbnail","7":"category-provinciales"},"_links":{"self":[{"href":"https:\/\/infovera.com.ar\/web\/wp-json\/wp\/v2\/posts\/20882","targetHints":{"allow":["GET"]}}],"collection":[{"href":"https:\/\/infovera.com.ar\/web\/wp-json\/wp\/v2\/posts"}],"about":[{"href":"https:\/\/infovera.com.ar\/web\/wp-json\/wp\/v2\/types\/post"}],"author":[{"embeddable":true,"href":"https:\/\/infovera.com.ar\/web\/wp-json\/wp\/v2\/users\/3"}],"replies":[{"embeddable":true,"href":"https:\/\/infovera.com.ar\/web\/wp-json\/wp\/v2\/comments?post=20882"}],"version-history":[{"count":0,"href":"https:\/\/infovera.com.ar\/web\/wp-json\/wp\/v2\/posts\/20882\/revisions"}],"wp:featuredmedia":[{"embeddable":true,"href":"https:\/\/infovera.com.ar\/web\/wp-json\/wp\/v2\/media\/20884"}],"wp:attachment":[{"href":"https:\/\/infovera.com.ar\/web\/wp-json\/wp\/v2\/media?parent=20882"}],"wp:term":[{"taxonomy":"category","embeddable":true,"href":"https:\/\/infovera.com.ar\/web\/wp-json\/wp\/v2\/categories?post=20882"},{"taxonomy":"post_tag","embeddable":true,"href":"https:\/\/infovera.com.ar\/web\/wp-json\/wp\/v2\/tags?post=20882"}],"curies":[{"name":"wp","href":"https:\/\/api.w.org\/{rel}","templated":true}]}}