{"id":20864,"date":"2021-05-19T20:50:14","date_gmt":"2021-05-19T23:50:14","guid":{"rendered":"https:\/\/infovera.com.ar\/web\/?p=20864"},"modified":"2021-05-20T11:27:21","modified_gmt":"2021-05-20T14:27:21","slug":"las-omisiones-que-delatan-por-sergio-chiqui-rojas","status":"publish","type":"post","link":"https:\/\/infovera.com.ar\/web\/2021\/05\/19\/las-omisiones-que-delatan-por-sergio-chiqui-rojas\/","title":{"rendered":"Las omisiones que delatan &#8211; Por Sergio &#8220;Chiqui&#8221; Rojas (*)"},"content":{"rendered":"<p><strong>Cuando en enero de 2016 pon\u00edamos en marcha el Plan del Norte, lo hac\u00edamos con una amplia convocatoria a las autoridades, instituciones y la sociedad en general,<\/strong> porque siempre entendimos a la participaci\u00f3n ciudadana como una herramienta fundamental para cualquier proyecto que se concrete en el territorio.<\/p>\n<p>En ese momento todos los dirigentes de la oposici\u00f3n \u00a0(PJ y Cambiemos) del norte santafesino, rescataron que por primera vez se miraba a esta parte de la provincia como nunca antes se lo hizo.<\/p>\n<p>Hago esta breve rese\u00f1a porque en el acto de licitaci\u00f3n del segundo tramo de la RP36 en Las Gamas se pudo escuchar algunos discursos que sorprendieron y otros que no, donde el gobernador Perotti y sus funcionarios contin\u00faan la l\u00ednea discursiva que mantienen desde cuando asumieron el 10 de diciembre de 2019, desconociendo las obras hechas e iniciadas en la gesti\u00f3n anterior, aunque lo que s\u00ed me llam\u00f3 la atenci\u00f3n fueron las palabras del Senador Osvaldo Sosa y la intendenta de la ciudad de Vera, Paula Mitre.<\/p>\n<p>El senador habl\u00f3 de \u201cpasar del relato a la ejecuci\u00f3n\u201d, lo cual no coincide con la realidad, ya que \u00e9l fue testigo privilegiado de cada licitaci\u00f3n e inauguraci\u00f3n de obras, de cada presentaci\u00f3n de programas, de cada entrega de escrituras y viviendas, de cada presentaci\u00f3n de avance del Plan del Norte, de cada asistencia ante la emergencia coordinada con el gobierno, en definitiva, estuvo presente en cada acto de reivindicaci\u00f3n y justicia que se hizo sobre nuestro departamento ante las demandas hist\u00f3ricas manifestadas por los pobladores y por lo tanto, fueron acciones concretas y palpables.<\/p>\n<p>La intendenta, dijo que \u201cla balanza empieza a equilibrarse, que el Norte se siente que tiene la mirada puesta en nuestro potencial y en nuestro futuro\u201d\u2026 ella sabe que ese empezar del que habla se dio, con los gobiernos el Frente Progresista (Al que ahora tambi\u00e9n pertenece por su cambio del PRO al partido CREO) y fundamentalmente lo concret\u00f3 Miguel Lifschitz, cada vez que era convocada en su rol de dirigente rural.<\/p>\n<p>Nobleza obliga, el senador Jos\u00e9 Baucero fue el \u00fanico que rescat\u00f3 la figura del ex gobernador Miguel Lifschitz, en una nota period\u00edstica donde dej\u00f3 en claro que fue quien tuvo la decisi\u00f3n pol\u00edtica de comenzar esta obra de la RP 36 y otras para el departamento San Javier en particular y el norte en general.<\/p>\n<p>Los avances y resultados del Plan del Norte fueron monitoreados cada 6 meses con las autoridades y con organismos independientes con vasta trayectorias como el CFI (Consejo Federal de Inversiones) y con CIPPEC (Centro de Implementaci\u00f3n de Pol\u00edticas P\u00fablicas para la Equidad y el Crecimiento), esto marca una objetividad que escapa a cualquier utilizaci\u00f3n pol\u00edtica y deja en evidencia a quienes la hacen.<\/p>\n<p>Hace unos d\u00edas, pod\u00edamos ver la enorme manifestaci\u00f3n de respeto y afecto que Miguel Lifschitz recibi\u00f3 de parte de dirigentes de todos los sectores pol\u00edticos, pero m\u00e1s que nada, de los ciudadanos y ciudadanas del Norte que vieron en \u00e9l un hombre de convicciones que les prometi\u00f3 poner al Norte en el lugar que siempre debi\u00f3 tener y cumpli\u00f3, devolvi\u00e9ndole la esperanza de un futuro mejor.<\/p>\n<p>Por esto, las omisiones deliberadas de los referentes del departamento Vera no pueden dejarse pasar y hay que recordarles que ese supuesto \u201crelato\u201d del que hablan pero que en su momento aprovecharon para sacarse fotos cortando cintas, es el mismo que ha hecho que ese gobernador pase a la historia de esta provincia y quede para siempre en el coraz\u00f3n de cada uno de los Nortefesinos y Nortefesinas.<\/p>\n<p>Por \u00faltimo y como una muestra clara de preocupaci\u00f3n para saldar las deudas con el Norte Santafesino, cabe recordar que la Ley del Plan del Norte tiene media sanci\u00f3n en la legislatura y espera su sanci\u00f3n definitiva por la C\u00e1mara de Senadores, es decir, espera que los proyectos que los propios senadores debatieron y priorizaron puedan tener el rango de pol\u00edticas de Estado para que cualquiera sea el color pol\u00edtico del gobierno, tenga la obligaci\u00f3n de tener un presupuesto anual para ir concret\u00e1ndolo.<\/p>\n<p>(*) Ex coordinador del Plan del Norte<\/p>\n","protected":false},"excerpt":{"rendered":"<p>Cuando en enero de 2016 pon\u00edamos en marcha el Plan del Norte, lo hac\u00edamos con una amplia convocatoria a las autoridades, instituciones y la sociedad en general, porque siempre entendimos a la participaci\u00f3n ciudadana como una herramienta fundamental para cualquier proyecto que se concrete en el territorio. En ese momento todos los dirigentes de la [&hellip;]<\/p>\n","protected":false},"author":3,"featured_media":20866,"comment_status":"open","ping_status":"open","sticky":false,"template":"","format":"standard","meta":{"_joinchat":[],"footnotes":""},"categories":[58,53],"tags":[],"class_list":{"0":"post-20864","1":"post","2":"type-post","3":"status-publish","4":"format-standard","5":"has-post-thumbnail","7":"category-opinion","8":"category-vera"},"_links":{"self":[{"href":"https:\/\/infovera.com.ar\/web\/wp-json\/wp\/v2\/posts\/20864","targetHints":{"allow":["GET"]}}],"collection":[{"href":"https:\/\/infovera.com.ar\/web\/wp-json\/wp\/v2\/posts"}],"about":[{"href":"https:\/\/infovera.com.ar\/web\/wp-json\/wp\/v2\/types\/post"}],"author":[{"embeddable":true,"href":"https:\/\/infovera.com.ar\/web\/wp-json\/wp\/v2\/users\/3"}],"replies":[{"embeddable":true,"href":"https:\/\/infovera.com.ar\/web\/wp-json\/wp\/v2\/comments?post=20864"}],"version-history":[{"count":0,"href":"https:\/\/infovera.com.ar\/web\/wp-json\/wp\/v2\/posts\/20864\/revisions"}],"wp:featuredmedia":[{"embeddable":true,"href":"https:\/\/infovera.com.ar\/web\/wp-json\/wp\/v2\/media\/20866"}],"wp:attachment":[{"href":"https:\/\/infovera.com.ar\/web\/wp-json\/wp\/v2\/media?parent=20864"}],"wp:term":[{"taxonomy":"category","embeddable":true,"href":"https:\/\/infovera.com.ar\/web\/wp-json\/wp\/v2\/categories?post=20864"},{"taxonomy":"post_tag","embeddable":true,"href":"https:\/\/infovera.com.ar\/web\/wp-json\/wp\/v2\/tags?post=20864"}],"curies":[{"name":"wp","href":"https:\/\/api.w.org\/{rel}","templated":true}]}}