{"id":20860,"date":"2021-05-19T21:18:38","date_gmt":"2021-05-20T00:18:38","guid":{"rendered":"https:\/\/infovera.com.ar\/web\/?p=20860"},"modified":"2021-05-20T19:52:22","modified_gmt":"2021-05-20T22:52:22","slug":"fuerte-incremento-de-los-casos-positivos-en-vera-y-tartagal","status":"publish","type":"post","link":"https:\/\/infovera.com.ar\/web\/2021\/05\/19\/fuerte-incremento-de-los-casos-positivos-en-vera-y-tartagal\/","title":{"rendered":"Fuerte incremento de los casos positivos en Vera y Tartagal"},"content":{"rendered":"<p><strong>Informe de fecha 19\/05\/2021. 20,00 hs. Covid-19 &#8211; Departamento Vera -Comit\u00e9 departamental de emergencia por Coronavirus.<\/strong><\/p>\n<p><strong><span style=\"color: #ff0000;\">VERA<\/span><\/strong><br \/>\n<strong><span style=\"color: #ff0000;\">Positivos nuevos 15. (Determinados: 13 por m\u00e9todo AG; 2 por PCR).<\/span><\/strong><br \/>\nResultados Negativos 12. (Determinados: 9 por m\u00e9todo AG; 3 por PCR).<br \/>\nSospechosos 11. (A la espera de 3 resultados por PCR).<br \/>\nCasos positivos acumulados 1208.<br \/>\nTotal de Recuperados 1127.<br \/>\nFallecidos acumulados 24.<br \/>\nPositivos Activos 57.<br \/>\n<span style=\"color: #339966;\"><strong>Internados 6. (4 en el hospital de Vera; 2 en el hospital central de Reconquista).<\/strong><\/span><br \/>\nPersonas en aislamiento preventivo: 146.<\/p>\n<p><span style=\"color: #ff0000;\"><strong>CALCHAQU\u00cd<\/strong><\/span><br \/>\n<span style=\"color: #ff0000;\"><strong>Positivos nuevos 3. (Determinados por m\u00e9todo AG).<\/strong><\/span><br \/>\nResultados Negativos 12. (Determinados: 4 por m\u00e9todo AG; 8 por PCR).<br \/>\nSospechosos 8. (Hisopados en el d\u00eda de la fecha, a la espera de los resultados por PCR).<br \/>\nCasos positivos acumulados 588.<br \/>\nTotal de Recuperados 551.<br \/>\nFallecidos acumulados 22.<br \/>\nPositivos Activos 15.<br \/>\n<span style=\"color: #339966;\"><strong>Internados 4. (En centros de mayor complejidad).<\/strong><\/span><br \/>\nPersonas en aislamiento preventivo: 23.<\/p>\n<p><strong>MARGARITA<\/strong><br \/>\n<strong>Resultados Negativos 1. (Determinado por m\u00e9todo AG).<\/strong><br \/>\nSospechosos 4. (Hisopados en el d\u00eda de la fecha, a la espera de los resultados por PCR).<br \/>\nCasos positivos acumulados 213.<br \/>\nTotal de Recuperados 199. En el d\u00eda de la fecha se otorg\u00f3 1 alta.<br \/>\nFallecidos acumulados 5.<br \/>\nPositivos Activos 9.<br \/>\nInternados 1. (En el hospital de Vera).<br \/>\nPersonas en aislamiento preventivo: 37.<\/p>\n<p><span style=\"color: #ff0000;\"><strong>LA GALLARETA<\/strong><\/span><br \/>\n<span style=\"color: #ff0000;\"><strong>Positivos nuevos 1.<\/strong><\/span><br \/>\nSospechosos 8. (4 hisopados en el d\u00eda de la fecha, a la espera de los resultados por PCR).<br \/>\nCasos positivos acumulados 61.<br \/>\nTotal de Recuperados 53.<br \/>\nFallecidos acumulados 2.<br \/>\nPositivos Activos 6. (En sus domicilios).<br \/>\nPersonas en aislamiento preventivo: 30. (Por tener contacto estrecho con un caso positivo y con un caso sospechoso).<\/p>\n<p><strong>FORTIN OLMOS<\/strong><br \/>\n<strong>Sospechosos 6. (En sus domicilios, 4 hisopados en el d\u00eda de la fecha, a la espera de los <\/strong><strong>resultados por PCR).<\/strong><br \/>\nCasos positivos acumulados 57.<br \/>\nTotal de Recuperados 54.<br \/>\nFallecidos acumulados 2.<br \/>\nPositivos Activos 1. (En su domicilio con buen estado de salud).<br \/>\nPersonas en aislamiento preventivo: 33. (Por tener contacto estrecho con un caso positivo de otra localidad y con un caso sospechoso).<\/p>\n<p><strong>INTIYACO<\/strong><br \/>\nCasos positivos acumulados 82.<br \/>\nTotal de Recuperados 70.<br \/>\nFallecidos acumulados 1.<br \/>\nPositivos Activos 11.<br \/>\nInternados 2. (1 en el hospital de Vera; 1 en el hospital central de Reconquista).<br \/>\nPersonas en aislamiento preventivo: 8. (Por tener contacto estrecho con un caso positivo).<\/p>\n<p><span style=\"color: #ff0000;\"><strong>GARABATO<\/strong><\/span><br \/>\n<span style=\"color: #ff0000;\"><strong>Positivos nuevos 1. (Determinado por m\u00e9todo AG).<\/strong><\/span><br \/>\nSospechosos 3.<br \/>\nCasos positivos acumulados 29.<br \/>\nTotal de Recuperados 24.<br \/>\nFallecidos acumulados 4.<br \/>\nPositivos Activos 1. (En su domicilio con buen estado de salud).<br \/>\nPersonas en aislamiento preventivo: 8. (4 por tener contacto estrecho con un caso positivo y 4 con un caso sospechoso).<\/p>\n<p><strong><span style=\"color: #ff0000;\">TARTAGAL<\/span><\/strong><br \/>\n<strong><span style=\"color: #ff0000;\">Positivos nuevos 12. (Determinados por m\u00e9todo AG).<\/span><\/strong><br \/>\nSospechosos 5. (Hisopados en el d\u00eda de la fecha, a la espera de los resultados por PCR).<br \/>\nCasos positivos acumulados 62.<br \/>\nTotal de Recuperados 40.<br \/>\nFallecidos acumulados 4.<br \/>\nPositivos Activos 18. (En sus domicilios con buen estado de salud).<br \/>\nPersonas en aislamiento preventivo: 18.<\/p>\n<p><span style=\"color: #ff0000;\"><strong>TOBA<\/strong><\/span><br \/>\n<span style=\"color: #ff0000;\"><strong>Positivos nuevos 2. (Determinados por m\u00e9todo AG; residentes del paraje KM 17).<\/strong><\/span><br \/>\nCasos positivos acumulados 17.<br \/>\nTotal de Recuperados 15.<br \/>\nPositivos Activos 2. (En sus domicilios con s\u00edntomas leves).<br \/>\nPersonas en aislamiento preventivo: 0.<\/p>\n<p><strong>GOLONDRINA<\/strong><br \/>\nCasos positivos acumulados 28.<br \/>\nTotal de Recuperados 12.<br \/>\nPositivos Activos 16. (En sus domicilios con buen estado de salud).<br \/>\nPersonas en aislamiento preventivo: 0.<br \/>\nComit\u00e9 departamental de emergencia por Coronavirus 3<\/p>\n<p><span style=\"color: #ff0000;\"><strong>LOS AMORES<\/strong><\/span><br \/>\n<span style=\"color: #ff0000;\"><strong>Positivos nuevos 3.<\/strong><\/span><br \/>\nCasos positivos acumulados 18.<br \/>\nTotal de Recuperados 11.<br \/>\nPositivos Activos 7. (En sus domicilios con buen estado de salud).<br \/>\nPersonas en aislamiento preventivo: 15. (Por tener contacto estrecho con un caso positivo).<\/p>\n<p><strong>CA\u00d1ADA OMB\u00da<\/strong><br \/>\nCasos positivos acumulados 1.<br \/>\nTotal de Recuperados 1.<br \/>\nPersonas en aislamiento preventivo: 0.<\/p>\n<p><strong>LOS TABANOS<\/strong><br \/>\nCasos positivos acumulados 8.<br \/>\nTotal de Recuperados 0.<br \/>\nFallecidos acumulados 1.<br \/>\nPositivos Activos 7. (En sus domicilios con buen estado de salud).<br \/>\nPersonas en aislamiento preventivo: 0.<\/p>\n<p>RESTO DE LAS LOCALIDADES DEL DEPARTAMENTO<br \/>\nSin Novedades<\/p>\n","protected":false},"excerpt":{"rendered":"<p>Informe de fecha 19\/05\/2021. 20,00 hs. Covid-19 &#8211; Departamento Vera -Comit\u00e9 departamental de emergencia por Coronavirus. VERA Positivos nuevos 15. (Determinados: 13 por m\u00e9todo AG; 2 por PCR). Resultados Negativos 12. (Determinados: 9 por m\u00e9todo AG; 3 por PCR). Sospechosos 11. (A la espera de 3 resultados por PCR). Casos positivos acumulados 1208. Total de [&hellip;]<\/p>\n","protected":false},"author":3,"featured_media":20862,"comment_status":"open","ping_status":"open","sticky":false,"template":"","format":"standard","meta":{"_joinchat":[],"footnotes":""},"categories":[51],"tags":[],"class_list":{"0":"post-20860","1":"post","2":"type-post","3":"status-publish","4":"format-standard","5":"has-post-thumbnail","7":"category-locales"},"_links":{"self":[{"href":"https:\/\/infovera.com.ar\/web\/wp-json\/wp\/v2\/posts\/20860","targetHints":{"allow":["GET"]}}],"collection":[{"href":"https:\/\/infovera.com.ar\/web\/wp-json\/wp\/v2\/posts"}],"about":[{"href":"https:\/\/infovera.com.ar\/web\/wp-json\/wp\/v2\/types\/post"}],"author":[{"embeddable":true,"href":"https:\/\/infovera.com.ar\/web\/wp-json\/wp\/v2\/users\/3"}],"replies":[{"embeddable":true,"href":"https:\/\/infovera.com.ar\/web\/wp-json\/wp\/v2\/comments?post=20860"}],"version-history":[{"count":0,"href":"https:\/\/infovera.com.ar\/web\/wp-json\/wp\/v2\/posts\/20860\/revisions"}],"wp:featuredmedia":[{"embeddable":true,"href":"https:\/\/infovera.com.ar\/web\/wp-json\/wp\/v2\/media\/20862"}],"wp:attachment":[{"href":"https:\/\/infovera.com.ar\/web\/wp-json\/wp\/v2\/media?parent=20860"}],"wp:term":[{"taxonomy":"category","embeddable":true,"href":"https:\/\/infovera.com.ar\/web\/wp-json\/wp\/v2\/categories?post=20860"},{"taxonomy":"post_tag","embeddable":true,"href":"https:\/\/infovera.com.ar\/web\/wp-json\/wp\/v2\/tags?post=20860"}],"curies":[{"name":"wp","href":"https:\/\/api.w.org\/{rel}","templated":true}]}}