{"id":20847,"date":"2021-05-19T10:28:45","date_gmt":"2021-05-19T13:28:45","guid":{"rendered":"https:\/\/infovera.com.ar\/web\/?p=20847"},"modified":"2021-05-19T21:25:58","modified_gmt":"2021-05-20T00:25:58","slug":"nuevas-placas-con-horarios-de-comercio-teletrabajo-y-suspension-de-mas-actividades","status":"publish","type":"post","link":"https:\/\/infovera.com.ar\/web\/2021\/05\/19\/nuevas-placas-con-horarios-de-comercio-teletrabajo-y-suspension-de-mas-actividades\/","title":{"rendered":"Nuevas placas con horarios de comercio, teletrabajo y suspensi\u00f3n de m\u00e1s actividades"},"content":{"rendered":"<p><strong>Las dio a conocer el gobierno provincial este mediod\u00eda. Son 4 que completan las 6 difundidas anoche.<\/strong><\/p>\n<div id='gallery-1' class='gallery galleryid-20847 gallery-columns-3 gallery-size-thumbnail'><figure class='gallery-item'>\n\t\t\t<div class='gallery-icon landscape'>\n\t\t\t\t<a href='https:\/\/infovera.com.ar\/web\/2021\/05\/19\/nuevas-placas-con-horarios-de-comercio-teletrabajo-y-suspension-de-mas-actividades\/7-19\/'><img loading=\"lazy\" decoding=\"async\" width=\"150\" height=\"150\" src=\"https:\/\/infovera.com.ar\/web\/wp-content\/uploads\/2021\/05\/7-1-150x150.jpg\" class=\"attachment-thumbnail size-thumbnail\" alt=\"\" \/><\/a>\n\t\t\t<\/div><\/figure><figure class='gallery-item'>\n\t\t\t<div class='gallery-icon landscape'>\n\t\t\t\t<a href='https:\/\/infovera.com.ar\/web\/2021\/05\/19\/nuevas-placas-con-horarios-de-comercio-teletrabajo-y-suspension-de-mas-actividades\/8-15\/'><img loading=\"lazy\" decoding=\"async\" width=\"150\" height=\"150\" src=\"https:\/\/infovera.com.ar\/web\/wp-content\/uploads\/2021\/05\/8-1-150x150.jpg\" class=\"attachment-thumbnail size-thumbnail\" alt=\"\" \/><\/a>\n\t\t\t<\/div><\/figure><figure class='gallery-item'>\n\t\t\t<div class='gallery-icon landscape'>\n\t\t\t\t<a href='https:\/\/infovera.com.ar\/web\/2021\/05\/19\/nuevas-placas-con-horarios-de-comercio-teletrabajo-y-suspension-de-mas-actividades\/9-11\/'><img loading=\"lazy\" decoding=\"async\" width=\"150\" height=\"150\" src=\"https:\/\/infovera.com.ar\/web\/wp-content\/uploads\/2021\/05\/9-150x150.jpg\" class=\"attachment-thumbnail size-thumbnail\" alt=\"\" \/><\/a>\n\t\t\t<\/div><\/figure><figure class='gallery-item'>\n\t\t\t<div class='gallery-icon landscape'>\n\t\t\t\t<a href='https:\/\/infovera.com.ar\/web\/2021\/05\/19\/nuevas-placas-con-horarios-de-comercio-teletrabajo-y-suspension-de-mas-actividades\/10-13\/'><img loading=\"lazy\" decoding=\"async\" width=\"150\" height=\"150\" src=\"https:\/\/infovera.com.ar\/web\/wp-content\/uploads\/2021\/05\/10-150x150.jpg\" class=\"attachment-thumbnail size-thumbnail\" alt=\"\" \/><\/a>\n\t\t\t<\/div><\/figure>\n\t\t<\/div>\n\n<p>&nbsp;<\/p>\n","protected":false},"excerpt":{"rendered":"<p>Las dio a conocer el gobierno provincial este mediod\u00eda. Son 4 que completan las 6 difundidas anoche. &nbsp;<\/p>\n","protected":false},"author":3,"featured_media":20849,"comment_status":"open","ping_status":"open","sticky":false,"template":"","format":"standard","meta":{"_joinchat":[],"footnotes":""},"categories":[60],"tags":[],"class_list":{"0":"post-20847","1":"post","2":"type-post","3":"status-publish","4":"format-standard","5":"has-post-thumbnail","7":"category-provinciales"},"_links":{"self":[{"href":"https:\/\/infovera.com.ar\/web\/wp-json\/wp\/v2\/posts\/20847","targetHints":{"allow":["GET"]}}],"collection":[{"href":"https:\/\/infovera.com.ar\/web\/wp-json\/wp\/v2\/posts"}],"about":[{"href":"https:\/\/infovera.com.ar\/web\/wp-json\/wp\/v2\/types\/post"}],"author":[{"embeddable":true,"href":"https:\/\/infovera.com.ar\/web\/wp-json\/wp\/v2\/users\/3"}],"replies":[{"embeddable":true,"href":"https:\/\/infovera.com.ar\/web\/wp-json\/wp\/v2\/comments?post=20847"}],"version-history":[{"count":0,"href":"https:\/\/infovera.com.ar\/web\/wp-json\/wp\/v2\/posts\/20847\/revisions"}],"wp:featuredmedia":[{"embeddable":true,"href":"https:\/\/infovera.com.ar\/web\/wp-json\/wp\/v2\/media\/20849"}],"wp:attachment":[{"href":"https:\/\/infovera.com.ar\/web\/wp-json\/wp\/v2\/media?parent=20847"}],"wp:term":[{"taxonomy":"category","embeddable":true,"href":"https:\/\/infovera.com.ar\/web\/wp-json\/wp\/v2\/categories?post=20847"},{"taxonomy":"post_tag","embeddable":true,"href":"https:\/\/infovera.com.ar\/web\/wp-json\/wp\/v2\/tags?post=20847"}],"curies":[{"name":"wp","href":"https:\/\/api.w.org\/{rel}","templated":true}]}}