{"id":20805,"date":"2021-05-18T17:20:38","date_gmt":"2021-05-18T20:20:38","guid":{"rendered":"https:\/\/infovera.com.ar\/web\/?p=20805"},"modified":"2021-05-19T11:10:05","modified_gmt":"2021-05-19T14:10:05","slug":"estamos-pasando-del-relato-a-la-ejecucion-en-nuestro-norte","status":"publish","type":"post","link":"https:\/\/infovera.com.ar\/web\/2021\/05\/18\/estamos-pasando-del-relato-a-la-ejecucion-en-nuestro-norte\/","title":{"rendered":"&#8220;Estamos pasando del relato a la ejecuci\u00f3n en nuestro norte&#8221;"},"content":{"rendered":"<p><strong>Junto al gobernador Omar Perotti y autoridades de los diferentes niveles gubernamentales, el senador Osvaldo Sosa particip\u00f3<\/strong> de la apertura de sobres de la licitaci\u00f3n para pavimentar el segundo tramo de la Ruta Provincial N\u00b036 S, que, adem\u00e1s, contempla el acceso a Colonia Duran, y que une los departamentos San Javier y Vera.<\/p>\n<p>&#8220;Cuando digo que estamos pasando del relato a la ejecuci\u00f3n, estoy diciendo que nuestro departamento empieza a renovar las esperanzas de promesas cumplidas. En este sentido es alentador saber que detr\u00e1s de cada licitaci\u00f3n se encuentran los recursos correspondientes, nos da la tranquilidad que, de cada promesa, se salde una deuda social con el departamento Vera, que seguramente fue durante mucho tiempo, el m\u00e1s olvidado en infraestructura.<\/p>\n<p>A fines junio se estar\u00e1 licitando el ultimo tramo para pavimentar de manera definitiva la Ruta 3, hasta la localidad de Los Amores, sue\u00f1os y promesas de muchos que se va a concretar en una realidad y va a mejorar la calidad de vida de much\u00edsima gente.<\/p>\n<p>En un encuentro en privado con el Gobernador, conversamos sobre el futuro del Centro experimental Las Gamas y del vivero de Santa Felicia. En el mismo le manifest\u00e9 la posibilidad de cultivar la planta de cannabis, tanto en Las Gamas como en el vivero, con el objetivo de proveer al LIF para la producci\u00f3n del aceite de cannabis.<\/p>\n<p>En esta nueva etapa de di\u00e1logos y de consensos que planteo el gobernador el 1 de mayo, mas el trabajo con todos los que tenemos responsabilidad institucional, podemos a ver realidad muchas promesas para el departamento Vera&#8221;, declar\u00f3.<\/p>\n","protected":false},"excerpt":{"rendered":"<p>Junto al gobernador Omar Perotti y autoridades de los diferentes niveles gubernamentales, el senador Osvaldo Sosa particip\u00f3 de la apertura de sobres de la licitaci\u00f3n para pavimentar el segundo tramo de la Ruta Provincial N\u00b036 S, que, adem\u00e1s, contempla el acceso a Colonia Duran, y que une los departamentos San Javier y Vera. &#8220;Cuando digo [&hellip;]<\/p>\n","protected":false},"author":3,"featured_media":20807,"comment_status":"open","ping_status":"open","sticky":false,"template":"","format":"standard","meta":{"_joinchat":[],"footnotes":""},"categories":[53],"tags":[],"class_list":{"0":"post-20805","1":"post","2":"type-post","3":"status-publish","4":"format-standard","5":"has-post-thumbnail","7":"category-vera"},"_links":{"self":[{"href":"https:\/\/infovera.com.ar\/web\/wp-json\/wp\/v2\/posts\/20805","targetHints":{"allow":["GET"]}}],"collection":[{"href":"https:\/\/infovera.com.ar\/web\/wp-json\/wp\/v2\/posts"}],"about":[{"href":"https:\/\/infovera.com.ar\/web\/wp-json\/wp\/v2\/types\/post"}],"author":[{"embeddable":true,"href":"https:\/\/infovera.com.ar\/web\/wp-json\/wp\/v2\/users\/3"}],"replies":[{"embeddable":true,"href":"https:\/\/infovera.com.ar\/web\/wp-json\/wp\/v2\/comments?post=20805"}],"version-history":[{"count":0,"href":"https:\/\/infovera.com.ar\/web\/wp-json\/wp\/v2\/posts\/20805\/revisions"}],"wp:featuredmedia":[{"embeddable":true,"href":"https:\/\/infovera.com.ar\/web\/wp-json\/wp\/v2\/media\/20807"}],"wp:attachment":[{"href":"https:\/\/infovera.com.ar\/web\/wp-json\/wp\/v2\/media?parent=20805"}],"wp:term":[{"taxonomy":"category","embeddable":true,"href":"https:\/\/infovera.com.ar\/web\/wp-json\/wp\/v2\/categories?post=20805"},{"taxonomy":"post_tag","embeddable":true,"href":"https:\/\/infovera.com.ar\/web\/wp-json\/wp\/v2\/tags?post=20805"}],"curies":[{"name":"wp","href":"https:\/\/api.w.org\/{rel}","templated":true}]}}