{"id":20780,"date":"2021-05-18T12:30:08","date_gmt":"2021-05-18T15:30:08","guid":{"rendered":"https:\/\/infovera.com.ar\/web\/?p=20780"},"modified":"2021-05-18T17:29:12","modified_gmt":"2021-05-18T20:29:12","slug":"suspender-las-exportaciones-de-carne-no-aportara-soluciones-y-sumara-mas-problemas-al-pais","status":"publish","type":"post","link":"https:\/\/infovera.com.ar\/web\/2021\/05\/18\/suspender-las-exportaciones-de-carne-no-aportara-soluciones-y-sumara-mas-problemas-al-pais\/","title":{"rendered":"\u201cSuspender las exportaciones de carne no aportar\u00e1 soluciones y sumar\u00e1 m\u00e1s problemas al pa\u00eds\u201d"},"content":{"rendered":"<p><strong>El Interbloque de legisladores provinciales de la UCR, que Preside el Senador Felipe Michlig y el Diputado Maximiliano Pullaro expres\u00f3<\/strong> que \u201csuspender las exportaciones de carne no aportar\u00e1 soluciones al problema de la inflaci\u00f3n y sumar\u00e1 m\u00e1s problemas\u201d ya que \u201ces un severo error tanto de diagn\u00f3stico como de estrategia del Gobierno Nacional adoptar una medida cortoplacista y con fines efectistas en uno de los tantos rubros con precios en aumento\u201d.<\/p>\n<p>\u201cPor tal motivo, solicitamos al Gobierno Nacional que urgentemente deje sin efecto la medida que afecta a uno de los pocos sectores que empujaban la actividad econ\u00f3mica y aportan divisas al pa\u00eds en esta dif\u00edcil y grave coyuntura\u201d, reclararon.<\/p>\n<p><strong>La Pol\u00edtica del Garrote<\/strong><\/p>\n<p>Los legisladores radicales sostuvieron que &#8220;para aplacar los precios internos de la carne se acuda a suspender las exportaciones es un error, ya que los cortes de carne de exportaci\u00f3n no son los mismos que los cortes que consume el mercado interno. No hay dudas que -una vez m\u00e1s- la l\u00f3gica del gobierno no es aplicar un instrumento objetivo que regule mejor la oferta, sino que se recurre al cl\u00e1sico amedrentamiento con garrotazos indiscriminados\u201d.<\/p>\n<p>\u201cLa ganader\u00eda es una actividad donde los precios, la producci\u00f3n y la capacidad productiva interact\u00faan de una forma particular. Desestabilizar los precios de la carne, ya sea a la baja o al alza, no solo genera efectos negativos sobre el stock ganadero sino en la capacidad productiva futura del sector y, por ende, en la propia oferta futura del mismo. En otras palabras, lo que se hace en el presente para bajar un precio a la fuerza puede terminar reduciendo la oferta de carne en el futuro, agravando los precios internos\u201d, vaticinaron.<\/p>\n<p><strong>Recetas que nunca dieron resultado<\/strong><\/p>\n<p>A su vez los senadores y diputados radicales agregaron que \u201cincumplir compromisos de contratos de exportaci\u00f3n no solo afecta al sector agropecuario, sino que afecta al pa\u00eds como exportador a mediano y largo plazo. Ganarse la reputaci\u00f3n de ser un exportador confiable cuesta mucho tiempo, pero para perderla hace falta muy poco\u201d.<\/p>\n<p>\u201cTodo lo expuesto &#8211; expusieron &#8211; no surge de conjeturar efectos potenciales, sino de consultar la propia historia de la pol\u00edtica econ\u00f3mica argentina. Recetas de este tipo se ensayaron varias veces y nunca dieron el resultado que los gobiernos buscaban, sino que agravaron m\u00e1s los problemas\u201d.<\/p>\n<p>\u201cAlcanza con ver otros pa\u00edses que tambi\u00e9n tienen actividad ganadera en la regi\u00f3n y comparar lo que hicieron ellos y nosotros. Por un lado nosotros tuvimos pol\u00edticas err\u00e1ticas y cortoplacistas. Por otro lado, Uruguay, Paraguay y Brasil han sostenido pol\u00edticas ganaderas de largo plazo. Mientras Argentina vio reducir su stock ganadero, los vecinos lo incrementaron y aumentaron exponencialmente sus exportaciones ganando mercados externos que Argentina ced\u00eda producto de sus pol\u00edticas erradas\u201d, completaron.<\/p>\n","protected":false},"excerpt":{"rendered":"<p>El Interbloque de legisladores provinciales de la UCR, que Preside el Senador Felipe Michlig y el Diputado Maximiliano Pullaro expres\u00f3 que \u201csuspender las exportaciones de carne no aportar\u00e1 soluciones al problema de la inflaci\u00f3n y sumar\u00e1 m\u00e1s problemas\u201d ya que \u201ces un severo error tanto de diagn\u00f3stico como de estrategia del Gobierno Nacional adoptar una [&hellip;]<\/p>\n","protected":false},"author":3,"featured_media":20782,"comment_status":"open","ping_status":"open","sticky":false,"template":"","format":"standard","meta":{"_joinchat":[],"footnotes":""},"categories":[1],"tags":[],"class_list":{"0":"post-20780","1":"post","2":"type-post","3":"status-publish","4":"format-standard","5":"has-post-thumbnail","7":"category-sin-categoria"},"_links":{"self":[{"href":"https:\/\/infovera.com.ar\/web\/wp-json\/wp\/v2\/posts\/20780","targetHints":{"allow":["GET"]}}],"collection":[{"href":"https:\/\/infovera.com.ar\/web\/wp-json\/wp\/v2\/posts"}],"about":[{"href":"https:\/\/infovera.com.ar\/web\/wp-json\/wp\/v2\/types\/post"}],"author":[{"embeddable":true,"href":"https:\/\/infovera.com.ar\/web\/wp-json\/wp\/v2\/users\/3"}],"replies":[{"embeddable":true,"href":"https:\/\/infovera.com.ar\/web\/wp-json\/wp\/v2\/comments?post=20780"}],"version-history":[{"count":0,"href":"https:\/\/infovera.com.ar\/web\/wp-json\/wp\/v2\/posts\/20780\/revisions"}],"wp:featuredmedia":[{"embeddable":true,"href":"https:\/\/infovera.com.ar\/web\/wp-json\/wp\/v2\/media\/20782"}],"wp:attachment":[{"href":"https:\/\/infovera.com.ar\/web\/wp-json\/wp\/v2\/media?parent=20780"}],"wp:term":[{"taxonomy":"category","embeddable":true,"href":"https:\/\/infovera.com.ar\/web\/wp-json\/wp\/v2\/categories?post=20780"},{"taxonomy":"post_tag","embeddable":true,"href":"https:\/\/infovera.com.ar\/web\/wp-json\/wp\/v2\/tags?post=20780"}],"curies":[{"name":"wp","href":"https:\/\/api.w.org\/{rel}","templated":true}]}}