{"id":20731,"date":"2021-05-18T10:58:18","date_gmt":"2021-05-18T13:58:18","guid":{"rendered":"https:\/\/infovera.com.ar\/web\/?p=20731"},"modified":"2021-05-18T13:20:15","modified_gmt":"2021-05-18T16:20:15","slug":"cierre-de-exportaciones-de-carne-la-insistencia-del-fracaso","status":"publish","type":"post","link":"https:\/\/infovera.com.ar\/web\/2021\/05\/18\/cierre-de-exportaciones-de-carne-la-insistencia-del-fracaso\/","title":{"rendered":"Cierre de exportaciones de carne: la insistencia del fracaso"},"content":{"rendered":"<p><strong>Comunicado de prensa de CARSFE.<\/strong><\/p>\n<p>Hoy asistimos a un nuevo anuncio oficial del cierre de exportaciones de carnes,\u00a0\u00a0una nueva cachetada al productor ganadero, que ahonda la pol\u00edtica del fracaso, y no hace m\u00e1s que acelerar el nefasto futuro para la ganader\u00eda.<\/p>\n<p>Pol\u00edticas similares en el pasado hicieron que se perdieran 12 millones de cabezas, cierre de frigor\u00edficos con la consecuente p\u00e9rdida de miles de empleos directos e indirectos.<\/p>\n<p>La\u00a0\u00a0soluci\u00f3n no pasa por la caprichosa idea de un Gobierno resolviendo, insensatamente,\u00a0\u00a0el cierre de exportaciones, sino por entender, de una vez por todas, que el mercado de la carne necesita de reglas de juego claras para poder desarrollarse, aumentar su stock y as\u00ed cumplir con el abastecimiento interno y con los mercados externos.<\/p>\n<p>Ante todo esto en defensa de la producci\u00f3n y el empleo, CARSFE se declara en estado de alerta y movilizaci\u00f3n.<\/p>\n<p>&nbsp;<\/p>\n","protected":false},"excerpt":{"rendered":"<p>Comunicado de prensa de CARSFE. Hoy asistimos a un nuevo anuncio oficial del cierre de exportaciones de carnes,\u00a0\u00a0una nueva cachetada al productor ganadero, que ahonda la pol\u00edtica del fracaso, y no hace m\u00e1s que acelerar el nefasto futuro para la ganader\u00eda. Pol\u00edticas similares en el pasado hicieron que se perdieran 12 millones de cabezas, cierre [&hellip;]<\/p>\n","protected":false},"author":3,"featured_media":20733,"comment_status":"open","ping_status":"open","sticky":false,"template":"","format":"standard","meta":{"_joinchat":[],"footnotes":""},"categories":[58],"tags":[],"class_list":{"0":"post-20731","1":"post","2":"type-post","3":"status-publish","4":"format-standard","5":"has-post-thumbnail","7":"category-opinion"},"_links":{"self":[{"href":"https:\/\/infovera.com.ar\/web\/wp-json\/wp\/v2\/posts\/20731","targetHints":{"allow":["GET"]}}],"collection":[{"href":"https:\/\/infovera.com.ar\/web\/wp-json\/wp\/v2\/posts"}],"about":[{"href":"https:\/\/infovera.com.ar\/web\/wp-json\/wp\/v2\/types\/post"}],"author":[{"embeddable":true,"href":"https:\/\/infovera.com.ar\/web\/wp-json\/wp\/v2\/users\/3"}],"replies":[{"embeddable":true,"href":"https:\/\/infovera.com.ar\/web\/wp-json\/wp\/v2\/comments?post=20731"}],"version-history":[{"count":0,"href":"https:\/\/infovera.com.ar\/web\/wp-json\/wp\/v2\/posts\/20731\/revisions"}],"wp:featuredmedia":[{"embeddable":true,"href":"https:\/\/infovera.com.ar\/web\/wp-json\/wp\/v2\/media\/20733"}],"wp:attachment":[{"href":"https:\/\/infovera.com.ar\/web\/wp-json\/wp\/v2\/media?parent=20731"}],"wp:term":[{"taxonomy":"category","embeddable":true,"href":"https:\/\/infovera.com.ar\/web\/wp-json\/wp\/v2\/categories?post=20731"},{"taxonomy":"post_tag","embeddable":true,"href":"https:\/\/infovera.com.ar\/web\/wp-json\/wp\/v2\/tags?post=20731"}],"curies":[{"name":"wp","href":"https:\/\/api.w.org\/{rel}","templated":true}]}}