{"id":20728,"date":"2021-05-17T20:00:49","date_gmt":"2021-05-17T23:00:49","guid":{"rendered":"https:\/\/infovera.com.ar\/web\/?p=20728"},"modified":"2021-05-18T13:22:30","modified_gmt":"2021-05-18T16:22:30","slug":"amra-advierte-que-asi-como-llegan-respiradores-deberia-llegar-el-recurso-humano-necesario","status":"publish","type":"post","link":"https:\/\/infovera.com.ar\/web\/2021\/05\/17\/amra-advierte-que-asi-como-llegan-respiradores-deberia-llegar-el-recurso-humano-necesario\/","title":{"rendered":"AMRA advierte que &#8220;as\u00ed como llegan respiradores deber\u00eda llegar el recurso humano necesario&#8221;"},"content":{"rendered":"<p><strong>En una carta dirigida a la ministra de Salud Dra Sonia Martorano, el gremio sostuvo lo siguiente:<\/strong><\/p>\n<p>Ante la llegada de nuevos respiradores desde naci\u00f3n a la provincia de Santa Fe, reiteramos pedidos anteriores de completar cada apertura o expansi\u00f3n del sistema con el debido recurso humano profesional estandarizado por sociedades cient\u00edficas para evitar la ya<br \/>\nexcedida y prolongada sobrecarga extenuante de nuestros colegas y para dar garant\u00edas y mejores oportunidades a nuestros pacientes.<\/p>\n<p><strong>Al respecto citamos fragmentos de:<\/strong><\/p>\n<p>\u201cRECOMENDACIONES PARA LA PREPARACION DE LAS UNIDADES DE CUIDADOS INTENSIVOS ANTE LA PANDEMIA DE COVID-19\u201d del Comit\u00e9 de Gesti\u00f3n de Calidad de la Sociedad Argentina de Terapia Intensiva:<\/p>\n<p>\u201c2.1.2 Gesti\u00f3n de Recursos Humanos. M\u00e9dicos.<\/p>\n<p>Se recomienda menor asistencia por la ma\u00f1ana con continuidad asistencial por la tarde y noche. Reforzar m\u00e1s el horario de tarde, noche y los fines de semana.<\/p>\n<p><strong>En horario de planta:<\/strong><\/p>\n<p>Como m\u00e1ximo un intensivista para cada 3 pacientes.<\/p>\n<p><strong>Guardia:<\/strong><\/p>\n<p>Como m\u00ednimo 2 intensivistas o 1 intensivista m\u00e1s un residente superior de Medicina Intensiva por cada 12 camas.<\/p>\n<p>Consideramos que no se puede pedir m\u00e1s esfuerzo a nuestros colegas. Est\u00e1n aportando m\u00e1s del m\u00e1ximo posible. As\u00ed como llegan respiradores deber\u00eda llegar el recurso humano necesario. Ignorar el pedido redunda en d\u00e9ficits de atenci\u00f3n y garant\u00edas de calidad con el<br \/>\nconsiguiente aumento de morbimortalidad y fracaso de las intenciones mutuas de sobrellevar con \u00e9xito la grave situaci\u00f3n acontecida.<\/p>\n","protected":false},"excerpt":{"rendered":"<p>En una carta dirigida a la ministra de Salud Dra Sonia Martorano, el gremio sostuvo lo siguiente: Ante la llegada de nuevos respiradores desde naci\u00f3n a la provincia de Santa Fe, reiteramos pedidos anteriores de completar cada apertura o expansi\u00f3n del sistema con el debido recurso humano profesional estandarizado por sociedades cient\u00edficas para evitar la [&hellip;]<\/p>\n","protected":false},"author":3,"featured_media":18790,"comment_status":"open","ping_status":"open","sticky":false,"template":"","format":"standard","meta":{"_joinchat":[],"footnotes":""},"categories":[27],"tags":[],"class_list":{"0":"post-20728","1":"post","2":"type-post","3":"status-publish","4":"format-standard","5":"has-post-thumbnail","7":"category-gremiales"},"_links":{"self":[{"href":"https:\/\/infovera.com.ar\/web\/wp-json\/wp\/v2\/posts\/20728","targetHints":{"allow":["GET"]}}],"collection":[{"href":"https:\/\/infovera.com.ar\/web\/wp-json\/wp\/v2\/posts"}],"about":[{"href":"https:\/\/infovera.com.ar\/web\/wp-json\/wp\/v2\/types\/post"}],"author":[{"embeddable":true,"href":"https:\/\/infovera.com.ar\/web\/wp-json\/wp\/v2\/users\/3"}],"replies":[{"embeddable":true,"href":"https:\/\/infovera.com.ar\/web\/wp-json\/wp\/v2\/comments?post=20728"}],"version-history":[{"count":0,"href":"https:\/\/infovera.com.ar\/web\/wp-json\/wp\/v2\/posts\/20728\/revisions"}],"wp:featuredmedia":[{"embeddable":true,"href":"https:\/\/infovera.com.ar\/web\/wp-json\/wp\/v2\/media\/18790"}],"wp:attachment":[{"href":"https:\/\/infovera.com.ar\/web\/wp-json\/wp\/v2\/media?parent=20728"}],"wp:term":[{"taxonomy":"category","embeddable":true,"href":"https:\/\/infovera.com.ar\/web\/wp-json\/wp\/v2\/categories?post=20728"},{"taxonomy":"post_tag","embeddable":true,"href":"https:\/\/infovera.com.ar\/web\/wp-json\/wp\/v2\/tags?post=20728"}],"curies":[{"name":"wp","href":"https:\/\/api.w.org\/{rel}","templated":true}]}}