{"id":20725,"date":"2021-05-17T19:53:12","date_gmt":"2021-05-17T22:53:12","guid":{"rendered":"https:\/\/infovera.com.ar\/web\/?p=20725"},"modified":"2021-05-17T19:53:12","modified_gmt":"2021-05-17T22:53:12","slug":"perotti-presidira-la-apertura-de-sobres-licitatorios-para-la-obra-de-la-ruta-36-s","status":"publish","type":"post","link":"https:\/\/infovera.com.ar\/web\/2021\/05\/17\/perotti-presidira-la-apertura-de-sobres-licitatorios-para-la-obra-de-la-ruta-36-s\/","title":{"rendered":"Perotti presidir\u00e1 la apertura de sobres licitatorios para la obra de la Ruta 36 S"},"content":{"rendered":"<p>Este martes 18 de mayo a las 10 el gobernador Omar Perotti junto la Ministra de Infraestructura, Servicios Publicos y Habitad Silvina Frana encabezar\u00e1n el acto de la apertura de sobres de la licitaci\u00f3n pavimentaci\u00f3n ruta provincial 36, tramo Colonia Sager \/ Ruta 11.<\/p>\n<p>Lugar:Establecimiento Las Gamas.<\/p>\n","protected":false},"excerpt":{"rendered":"<p>Este martes 18 de mayo a las 10 el gobernador Omar Perotti junto la Ministra de Infraestructura, Servicios Publicos y Habitad Silvina Frana encabezar\u00e1n el acto de la apertura de sobres de la licitaci\u00f3n pavimentaci\u00f3n ruta provincial 36, tramo Colonia Sager \/ Ruta 11. Lugar:Establecimiento Las Gamas.<\/p>\n","protected":false},"author":3,"featured_media":7987,"comment_status":"open","ping_status":"open","sticky":false,"template":"","format":"standard","meta":{"_joinchat":[],"footnotes":""},"categories":[56],"tags":[],"class_list":{"0":"post-20725","1":"post","2":"type-post","3":"status-publish","4":"format-standard","5":"has-post-thumbnail","7":"category-destacados"},"_links":{"self":[{"href":"https:\/\/infovera.com.ar\/web\/wp-json\/wp\/v2\/posts\/20725","targetHints":{"allow":["GET"]}}],"collection":[{"href":"https:\/\/infovera.com.ar\/web\/wp-json\/wp\/v2\/posts"}],"about":[{"href":"https:\/\/infovera.com.ar\/web\/wp-json\/wp\/v2\/types\/post"}],"author":[{"embeddable":true,"href":"https:\/\/infovera.com.ar\/web\/wp-json\/wp\/v2\/users\/3"}],"replies":[{"embeddable":true,"href":"https:\/\/infovera.com.ar\/web\/wp-json\/wp\/v2\/comments?post=20725"}],"version-history":[{"count":0,"href":"https:\/\/infovera.com.ar\/web\/wp-json\/wp\/v2\/posts\/20725\/revisions"}],"wp:featuredmedia":[{"embeddable":true,"href":"https:\/\/infovera.com.ar\/web\/wp-json\/wp\/v2\/media\/7987"}],"wp:attachment":[{"href":"https:\/\/infovera.com.ar\/web\/wp-json\/wp\/v2\/media?parent=20725"}],"wp:term":[{"taxonomy":"category","embeddable":true,"href":"https:\/\/infovera.com.ar\/web\/wp-json\/wp\/v2\/categories?post=20725"},{"taxonomy":"post_tag","embeddable":true,"href":"https:\/\/infovera.com.ar\/web\/wp-json\/wp\/v2\/tags?post=20725"}],"curies":[{"name":"wp","href":"https:\/\/api.w.org\/{rel}","templated":true}]}}