{"id":20717,"date":"2021-05-17T18:30:21","date_gmt":"2021-05-17T21:30:21","guid":{"rendered":"https:\/\/infovera.com.ar\/web\/?p=20717"},"modified":"2021-05-18T11:27:35","modified_gmt":"2021-05-18T14:27:35","slug":"dieron-de-alta-a-monsenor-macin","status":"publish","type":"post","link":"https:\/\/infovera.com.ar\/web\/2021\/05\/17\/dieron-de-alta-a-monsenor-macin\/","title":{"rendered":"Dieron de alta a monse\u00f1or Mac\u00edn"},"content":{"rendered":"<p><strong>Monse\u00f1or Silvio O. Fabbro, vicario general de la Di\u00f3cesis de Reconquista dio a conocer a la comunidad diocesana que el obispo \u00c1ngel Jos\u00e9 Mac\u00edn,<\/strong> producto de una inflamaci\u00f3n en la pierna derecha, estuvo internado en el Sanatorio Norte de la ciudad de Avellaneda, recibiendo un tratamiento adecuado.<\/p>\n<p>En el d\u00eda de hoy fue dado de alta para continuar dicho tratamiento en su casa, por este motivo durante toda la semana estar\u00e1 guardando reposo absoluto.<\/p>\n<p>&#8220;Agradecemos a todo el pueblo de Dios las oraciones pidiendo al Se\u00f1or por su pronta recuperaci\u00f3n&#8221;, expres\u00f3 el vicario.<\/p>\n","protected":false},"excerpt":{"rendered":"<p>Monse\u00f1or Silvio O. Fabbro, vicario general de la Di\u00f3cesis de Reconquista dio a conocer a la comunidad diocesana que el obispo \u00c1ngel Jos\u00e9 Mac\u00edn, producto de una inflamaci\u00f3n en la pierna derecha, estuvo internado en el Sanatorio Norte de la ciudad de Avellaneda, recibiendo un tratamiento adecuado. En el d\u00eda de hoy fue dado de [&hellip;]<\/p>\n","protected":false},"author":3,"featured_media":20719,"comment_status":"open","ping_status":"open","sticky":false,"template":"","format":"standard","meta":{"_joinchat":[],"footnotes":""},"categories":[55],"tags":[],"class_list":{"0":"post-20717","1":"post","2":"type-post","3":"status-publish","4":"format-standard","5":"has-post-thumbnail","7":"category-reconquista"},"_links":{"self":[{"href":"https:\/\/infovera.com.ar\/web\/wp-json\/wp\/v2\/posts\/20717","targetHints":{"allow":["GET"]}}],"collection":[{"href":"https:\/\/infovera.com.ar\/web\/wp-json\/wp\/v2\/posts"}],"about":[{"href":"https:\/\/infovera.com.ar\/web\/wp-json\/wp\/v2\/types\/post"}],"author":[{"embeddable":true,"href":"https:\/\/infovera.com.ar\/web\/wp-json\/wp\/v2\/users\/3"}],"replies":[{"embeddable":true,"href":"https:\/\/infovera.com.ar\/web\/wp-json\/wp\/v2\/comments?post=20717"}],"version-history":[{"count":0,"href":"https:\/\/infovera.com.ar\/web\/wp-json\/wp\/v2\/posts\/20717\/revisions"}],"wp:featuredmedia":[{"embeddable":true,"href":"https:\/\/infovera.com.ar\/web\/wp-json\/wp\/v2\/media\/20719"}],"wp:attachment":[{"href":"https:\/\/infovera.com.ar\/web\/wp-json\/wp\/v2\/media?parent=20717"}],"wp:term":[{"taxonomy":"category","embeddable":true,"href":"https:\/\/infovera.com.ar\/web\/wp-json\/wp\/v2\/categories?post=20717"},{"taxonomy":"post_tag","embeddable":true,"href":"https:\/\/infovera.com.ar\/web\/wp-json\/wp\/v2\/tags?post=20717"}],"curies":[{"name":"wp","href":"https:\/\/api.w.org\/{rel}","templated":true}]}}