{"id":20704,"date":"2021-05-17T18:25:09","date_gmt":"2021-05-17T21:25:09","guid":{"rendered":"https:\/\/infovera.com.ar\/web\/?p=20704"},"modified":"2021-05-17T20:02:04","modified_gmt":"2021-05-17T23:02:04","slug":"accidente-hallazgo-y-robo-esclarecido","status":"publish","type":"post","link":"https:\/\/infovera.com.ar\/web\/2021\/05\/17\/accidente-hallazgo-y-robo-esclarecido\/","title":{"rendered":"Accidente, hallazgo y robo esclarecido"},"content":{"rendered":"<p><strong>Novedades policiales de las \u00faltimas horas.<\/strong><\/p>\n<p><strong>VERA<\/strong><\/p>\n<p>A las 19:15 del domingo, personal policial de la Secci\u00f3n Comando Radioel\u00e9ctrico fue comisionado por la operadora en turno en calle Bs. As. 2000 donde un joven derrap\u00f3 en su motocicleta marca Keller, 110 cc.<\/p>\n<p>Debi\u00f3 ser traslado en ambulancia al nosocomio local para su atenci\u00f3n m\u00e9dica.<\/p>\n<p><strong>HALLAZGO<\/strong><\/p>\n<p>En tanto, a las 20 de s\u00e1bado en circunstancias de encontrarse patrullando la<br \/>\nciudad en prevenci\u00f3n de il\u00edcitos y\/o contravenciones, personal de la Secci\u00f3n Comando<br \/>\nRadioel\u00e9ctrico observ\u00f3 en intersecci\u00f3n de calles Juan de Garay y Belgrano, , una motocicleta Guerrero Trip 110 cc, sin dominio visible, color negro, en estado de abandono, por lo que procedieron al secuestro preventivo del ciclomotor a los fines de determinar su propietario\/a. &#8211;<\/p>\n<p><strong>GARABATO<\/strong><\/p>\n<p>Personal policial de la Sub Comisaria Cuarta de Garabato, a ra\u00edz de la denuncia de una mujer que dio cuenta que que autor\/es ignorados le sustrajeron un celular Samsung Galaxi J7 desde el interior de su autom\u00f3vil, el cual se encontraba sin medidas de seguridad, pudo establecer que no ser\u00eda ajeno al hecho un joven, mayor de edad, domiciliado en Pozo de Los Indios.<\/p>\n<p>La requisa domiciliaria arroj\u00f3 como resultado positivo, procedi\u00e9ndose al secuestro del elemento denunciado y al traslado del causante a sede policial en calidad de aprehendido.<\/p>\n","protected":false},"excerpt":{"rendered":"<p>Novedades policiales de las \u00faltimas horas. VERA A las 19:15 del domingo, personal policial de la Secci\u00f3n Comando Radioel\u00e9ctrico fue comisionado por la operadora en turno en calle Bs. As. 2000 donde un joven derrap\u00f3 en su motocicleta marca Keller, 110 cc. Debi\u00f3 ser traslado en ambulancia al nosocomio local para su atenci\u00f3n m\u00e9dica. HALLAZGO [&hellip;]<\/p>\n","protected":false},"author":3,"featured_media":20708,"comment_status":"open","ping_status":"open","sticky":false,"template":"","format":"standard","meta":{"_joinchat":[],"footnotes":""},"categories":[51,30],"tags":[],"class_list":{"0":"post-20704","1":"post","2":"type-post","3":"status-publish","4":"format-standard","5":"has-post-thumbnail","7":"category-locales","8":"category-policiales"},"_links":{"self":[{"href":"https:\/\/infovera.com.ar\/web\/wp-json\/wp\/v2\/posts\/20704","targetHints":{"allow":["GET"]}}],"collection":[{"href":"https:\/\/infovera.com.ar\/web\/wp-json\/wp\/v2\/posts"}],"about":[{"href":"https:\/\/infovera.com.ar\/web\/wp-json\/wp\/v2\/types\/post"}],"author":[{"embeddable":true,"href":"https:\/\/infovera.com.ar\/web\/wp-json\/wp\/v2\/users\/3"}],"replies":[{"embeddable":true,"href":"https:\/\/infovera.com.ar\/web\/wp-json\/wp\/v2\/comments?post=20704"}],"version-history":[{"count":0,"href":"https:\/\/infovera.com.ar\/web\/wp-json\/wp\/v2\/posts\/20704\/revisions"}],"wp:featuredmedia":[{"embeddable":true,"href":"https:\/\/infovera.com.ar\/web\/wp-json\/wp\/v2\/media\/20708"}],"wp:attachment":[{"href":"https:\/\/infovera.com.ar\/web\/wp-json\/wp\/v2\/media?parent=20704"}],"wp:term":[{"taxonomy":"category","embeddable":true,"href":"https:\/\/infovera.com.ar\/web\/wp-json\/wp\/v2\/categories?post=20704"},{"taxonomy":"post_tag","embeddable":true,"href":"https:\/\/infovera.com.ar\/web\/wp-json\/wp\/v2\/tags?post=20704"}],"curies":[{"name":"wp","href":"https:\/\/api.w.org\/{rel}","templated":true}]}}