{"id":20683,"date":"2021-05-16T21:41:44","date_gmt":"2021-05-17T00:41:44","guid":{"rendered":"https:\/\/infovera.com.ar\/web\/?p=20683"},"modified":"2021-05-16T21:41:44","modified_gmt":"2021-05-17T00:41:44","slug":"fuerte-choque-en-moto-con-lesionados-en-el-paraje-km-101","status":"publish","type":"post","link":"https:\/\/infovera.com.ar\/web\/2021\/05\/16\/fuerte-choque-en-moto-con-lesionados-en-el-paraje-km-101\/","title":{"rendered":"Fuerte choque en moto con lesionados en el Paraje KM 101"},"content":{"rendered":"<p><strong>Personal Policial de la Comisaria Tercera de Fort\u00edn Olmos tom\u00f3 intervenci\u00f3n al haberse producido un accidente de trnsito en Ruta 83 S, en el Paraje KM 101.<\/strong><\/p>\n<p>Una vez en el lugar, los agentes constataron que un hombre de 43 a\u00f1os, domiciliado en el paraje, momentos antes circulaba por la mencionada ruta con su moto Corven 150 cc acompa\u00f1ado por una mujer, y por causas que se tratan de establecer, fue embestido desde atr\u00e1s por otra moto, una Honda XR 150 cc, guiada por un sujeto mayor de edad.<\/p>\n<p>Fueron trasladados al Hospital de Fort\u00edn Olmos donde recibieron asistencia m\u00e9dica.<\/p>\n<p>El conductor de la Honda XR fue derivado al Nuevo Hospital de\u00a0 Reconquista por las lesiones recibidas.<\/p>\n","protected":false},"excerpt":{"rendered":"<p>Personal Policial de la Comisaria Tercera de Fort\u00edn Olmos tom\u00f3 intervenci\u00f3n al haberse producido un accidente de trnsito en Ruta 83 S, en el Paraje KM 101. Una vez en el lugar, los agentes constataron que un hombre de 43 a\u00f1os, domiciliado en el paraje, momentos antes circulaba por la mencionada ruta con su moto [&hellip;]<\/p>\n","protected":false},"author":3,"featured_media":0,"comment_status":"open","ping_status":"open","sticky":false,"template":"","format":"standard","meta":{"_joinchat":[],"footnotes":""},"categories":[51,30],"tags":[],"class_list":{"0":"post-20683","1":"post","2":"type-post","3":"status-publish","4":"format-standard","6":"category-locales","7":"category-policiales"},"_links":{"self":[{"href":"https:\/\/infovera.com.ar\/web\/wp-json\/wp\/v2\/posts\/20683","targetHints":{"allow":["GET"]}}],"collection":[{"href":"https:\/\/infovera.com.ar\/web\/wp-json\/wp\/v2\/posts"}],"about":[{"href":"https:\/\/infovera.com.ar\/web\/wp-json\/wp\/v2\/types\/post"}],"author":[{"embeddable":true,"href":"https:\/\/infovera.com.ar\/web\/wp-json\/wp\/v2\/users\/3"}],"replies":[{"embeddable":true,"href":"https:\/\/infovera.com.ar\/web\/wp-json\/wp\/v2\/comments?post=20683"}],"version-history":[{"count":0,"href":"https:\/\/infovera.com.ar\/web\/wp-json\/wp\/v2\/posts\/20683\/revisions"}],"wp:attachment":[{"href":"https:\/\/infovera.com.ar\/web\/wp-json\/wp\/v2\/media?parent=20683"}],"wp:term":[{"taxonomy":"category","embeddable":true,"href":"https:\/\/infovera.com.ar\/web\/wp-json\/wp\/v2\/categories?post=20683"},{"taxonomy":"post_tag","embeddable":true,"href":"https:\/\/infovera.com.ar\/web\/wp-json\/wp\/v2\/tags?post=20683"}],"curies":[{"name":"wp","href":"https:\/\/api.w.org\/{rel}","templated":true}]}}