{"id":20673,"date":"2021-05-16T21:00:30","date_gmt":"2021-05-17T00:00:30","guid":{"rendered":"https:\/\/infovera.com.ar\/web\/?p=20673"},"modified":"2021-05-18T11:29:55","modified_gmt":"2021-05-18T14:29:55","slug":"decomisaron-casi-un-centenar-de-dorados-sabalos-y-tarariras-en-la-verdecita","status":"publish","type":"post","link":"https:\/\/infovera.com.ar\/web\/2021\/05\/16\/decomisaron-casi-un-centenar-de-dorados-sabalos-y-tarariras-en-la-verdecita\/","title":{"rendered":"Decomisaron casi un centenar de dorados, s\u00e1balos y tarariras en La Verdecita"},"content":{"rendered":"<p><strong>En circunstancias de haber realizado patrullaje preventivo por zona rural sobre Ruta 13, a la altura de la laguna \u201cLa Verdecita\u201d, del departamento Vera, Los Pumas de la secci\u00f3n &#8220;La Cig\u00fce\u00f1a&#8221;<\/strong> identificaron a cuatro pescadorees de 70, 33, 30 y 41 a\u00f1os de edad, quienes pose\u00edan tres redes de pesca, con medidas inferiores a las reglamentadas, como as\u00ed tambi\u00e9n ten\u00edan en su poder 97 dorados, s\u00e1balos y tarariras, producto de la actividad de pesca.<\/p>\n<p>Se les labr\u00f3 acta de infracci\u00f3n a la ley de pesca, por realizar la actividad sin licencia<br \/>\nhabilitante, transportar exceso de piezas, pescar con arte o medios no habilitados, en<br \/>\nzonas no habilitadas, quedando secuestradas dichas artes de pesca, desnaturalizando las<br \/>\npiezas ict\u00edcolas.<\/p>\n<p>Interviene Secretar\u00eda de Agricultura, Ganader\u00eda y Recursos Naturales de la<br \/>\nciudad de Santa Fe.<\/p>\n<p><img loading=\"lazy\" decoding=\"async\" class=\" wp-image-20757 aligncenter\" src=\"https:\/\/infovera.com.ar\/web\/wp-content\/uploads\/2021\/05\/ACOSTA-3-1-300x54.jpg\" alt=\"\" width=\"539\" height=\"97\" srcset=\"https:\/\/infovera.com.ar\/web\/wp-content\/uploads\/2021\/05\/ACOSTA-3-1-300x54.jpg 300w, https:\/\/infovera.com.ar\/web\/wp-content\/uploads\/2021\/05\/ACOSTA-3-1.jpg 670w\" sizes=\"auto, (max-width: 539px) 100vw, 539px\" \/><\/p>\n","protected":false},"excerpt":{"rendered":"<p>En circunstancias de haber realizado patrullaje preventivo por zona rural sobre Ruta 13, a la altura de la laguna \u201cLa Verdecita\u201d, del departamento Vera, Los Pumas de la secci\u00f3n &#8220;La Cig\u00fce\u00f1a&#8221; identificaron a cuatro pescadorees de 70, 33, 30 y 41 a\u00f1os de edad, quienes pose\u00edan tres redes de pesca, con medidas inferiores a las [&hellip;]<\/p>\n","protected":false},"author":3,"featured_media":20678,"comment_status":"open","ping_status":"open","sticky":false,"template":"","format":"standard","meta":{"_joinchat":[],"footnotes":""},"categories":[56,30],"tags":[],"class_list":{"0":"post-20673","1":"post","2":"type-post","3":"status-publish","4":"format-standard","5":"has-post-thumbnail","7":"category-destacados","8":"category-policiales"},"_links":{"self":[{"href":"https:\/\/infovera.com.ar\/web\/wp-json\/wp\/v2\/posts\/20673","targetHints":{"allow":["GET"]}}],"collection":[{"href":"https:\/\/infovera.com.ar\/web\/wp-json\/wp\/v2\/posts"}],"about":[{"href":"https:\/\/infovera.com.ar\/web\/wp-json\/wp\/v2\/types\/post"}],"author":[{"embeddable":true,"href":"https:\/\/infovera.com.ar\/web\/wp-json\/wp\/v2\/users\/3"}],"replies":[{"embeddable":true,"href":"https:\/\/infovera.com.ar\/web\/wp-json\/wp\/v2\/comments?post=20673"}],"version-history":[{"count":0,"href":"https:\/\/infovera.com.ar\/web\/wp-json\/wp\/v2\/posts\/20673\/revisions"}],"wp:featuredmedia":[{"embeddable":true,"href":"https:\/\/infovera.com.ar\/web\/wp-json\/wp\/v2\/media\/20678"}],"wp:attachment":[{"href":"https:\/\/infovera.com.ar\/web\/wp-json\/wp\/v2\/media?parent=20673"}],"wp:term":[{"taxonomy":"category","embeddable":true,"href":"https:\/\/infovera.com.ar\/web\/wp-json\/wp\/v2\/categories?post=20673"},{"taxonomy":"post_tag","embeddable":true,"href":"https:\/\/infovera.com.ar\/web\/wp-json\/wp\/v2\/tags?post=20673"}],"curies":[{"name":"wp","href":"https:\/\/api.w.org\/{rel}","templated":true}]}}