{"id":20513,"date":"2021-05-12T19:07:25","date_gmt":"2021-05-12T22:07:25","guid":{"rendered":"https:\/\/infovera.com.ar\/web\/?p=20513"},"modified":"2021-05-12T19:07:25","modified_gmt":"2021-05-12T22:07:25","slug":"declaraciones-de-perotti-sobre-la-asistencia-que-la-provincia-brindara-a-sectores-afectados-por-la-pandemia","status":"publish","type":"post","link":"https:\/\/infovera.com.ar\/web\/2021\/05\/12\/declaraciones-de-perotti-sobre-la-asistencia-que-la-provincia-brindara-a-sectores-afectados-por-la-pandemia\/","title":{"rendered":"Declaraciones de Perotti sobre la asistencia que la provincia brindar\u00e1 a sectores afectados por la pandemia"},"content":{"rendered":"<p><strong>Las declaraciones del gobernador de Santa Fe se realizaron en el marco de una serie de actividades que el mandatario santafesino llev\u00f3 a cabo este mi\u00e9rcoles con el ministro de Desarrollo Soci<\/strong><\/p>\n<p><strong>al de la Naci\u00f3n, Daniel Arroyo, en la ciudad de Rosario.<\/strong><\/p>\n<p>\ud83d\udde3\ufe0f \u201cPlanteamos que las ayudas a los sectores que as\u00ed lo requirieron en la primera ola, va a continuar en las distintas etapas de restricciones\u201d.<\/p>\n<p>\ud83d\udde3\ufe0f\u201cLa idea es generar una acci\u00f3n solidaria de complemento, que todos vayamos poniendo parte de lo nuestro en quitar circulaci\u00f3n para poder mantener protocolos en los lugares de trabajo; la presencialidad en las escuelas; requiere de un esfuerzo de todos\u201d.<\/p>\n<p>\ud83d\udde3\ufe0f\u201cCuando el sistema sanitario nos pide ayuda es que haya menor circulaci\u00f3n, que se frene el contagio\u201d.<\/p>\n<p>\ud83d\udde3\ufe0f\u201cLa meseta en los contagios es alta todav\u00eda; tenemos que poner lo mejor de cada uno. Valoramos el esfuerzo de cada uno, por eso continuaremos con las ayudas\u201d.<\/p>\n<p>&nbsp;<\/p>\n","protected":false},"excerpt":{"rendered":"<p>Las declaraciones del gobernador de Santa Fe se realizaron en el marco de una serie de actividades que el mandatario santafesino llev\u00f3 a cabo este mi\u00e9rcoles con el ministro de Desarrollo Soci al de la Naci\u00f3n, Daniel Arroyo, en la ciudad de Rosario. \ud83d\udde3\ufe0f \u201cPlanteamos que las ayudas a los sectores que as\u00ed lo requirieron [&hellip;]<\/p>\n","protected":false},"author":3,"featured_media":20515,"comment_status":"open","ping_status":"open","sticky":false,"template":"","format":"standard","meta":{"_joinchat":[],"footnotes":""},"categories":[60],"tags":[],"class_list":{"0":"post-20513","1":"post","2":"type-post","3":"status-publish","4":"format-standard","5":"has-post-thumbnail","7":"category-provinciales"},"_links":{"self":[{"href":"https:\/\/infovera.com.ar\/web\/wp-json\/wp\/v2\/posts\/20513","targetHints":{"allow":["GET"]}}],"collection":[{"href":"https:\/\/infovera.com.ar\/web\/wp-json\/wp\/v2\/posts"}],"about":[{"href":"https:\/\/infovera.com.ar\/web\/wp-json\/wp\/v2\/types\/post"}],"author":[{"embeddable":true,"href":"https:\/\/infovera.com.ar\/web\/wp-json\/wp\/v2\/users\/3"}],"replies":[{"embeddable":true,"href":"https:\/\/infovera.com.ar\/web\/wp-json\/wp\/v2\/comments?post=20513"}],"version-history":[{"count":0,"href":"https:\/\/infovera.com.ar\/web\/wp-json\/wp\/v2\/posts\/20513\/revisions"}],"wp:featuredmedia":[{"embeddable":true,"href":"https:\/\/infovera.com.ar\/web\/wp-json\/wp\/v2\/media\/20515"}],"wp:attachment":[{"href":"https:\/\/infovera.com.ar\/web\/wp-json\/wp\/v2\/media?parent=20513"}],"wp:term":[{"taxonomy":"category","embeddable":true,"href":"https:\/\/infovera.com.ar\/web\/wp-json\/wp\/v2\/categories?post=20513"},{"taxonomy":"post_tag","embeddable":true,"href":"https:\/\/infovera.com.ar\/web\/wp-json\/wp\/v2\/tags?post=20513"}],"curies":[{"name":"wp","href":"https:\/\/api.w.org\/{rel}","templated":true}]}}