{"id":20477,"date":"2021-05-12T12:05:11","date_gmt":"2021-05-12T15:05:11","guid":{"rendered":"https:\/\/infovera.com.ar\/web\/?p=20477"},"modified":"2021-05-12T19:19:26","modified_gmt":"2021-05-12T22:19:26","slug":"corach-no-podemos-hacer-de-cuenta-que-no-pasa-nada-la-pandemia-se-cobra-vidas-todos-los-dias-videos","status":"publish","type":"post","link":"https:\/\/infovera.com.ar\/web\/2021\/05\/12\/corach-no-podemos-hacer-de-cuenta-que-no-pasa-nada-la-pandemia-se-cobra-vidas-todos-los-dias-videos\/","title":{"rendered":"Corach: \u201cNo podemos hacer de cuenta que no pasa nada; la pandemia se cobra vidas todos los d\u00edas\u201d (videos)"},"content":{"rendered":"<p><strong>Lo asegur\u00f3 el ministro de Gesti\u00f3n P\u00fablica luego de encabezar una mesa de trabajo con intendentes y presidentes comunales para analizar las medidas vigentes tras el \u00faltimo decreto provincial.<\/strong><\/p>\n<p>El ministro de Gesti\u00f3n P\u00fablica de Santa Fe, Marcos Corach, encabez\u00f3 este martes una mesa de trabajo con m\u00e1s de 270 intendentes y presidentes comunales para analizar las medidas que est\u00e1n vigentes tras el \u00faltimo decreto provincial. En ese marco, el funcionario asegur\u00f3: \u201cNo podemos hacer de cuenta que no pasa nada; la pandemia se cobra vidas todos los d\u00edas\u201d.<\/p>\n<p>En consonancia, el funcionario afirm\u00f3 que \u201ces importante entender que la pandemia no termin\u00f3, y que mientras el proceso de inmunizaci\u00f3n no haya terminado, es imprescindible seguir con los cuidados y con las medidas necesarias para disminuir la circulaci\u00f3n y los encuentros sociales\u201d.<\/p>\n<p>Y agreg\u00f3: \u201cUna buena parte de los adultos mayor ya se encuentra vacunada con al menos una dosis y esa es una buena noticia, pero hoy el virus, desde la aparici\u00f3n de nuevas cepas, est\u00e1 haciendo estragos en todas las edades. Por eso es que tenemos que tomar medidas. Y tomar medidas implica establecer prioridades, porque estamos ante una situaci\u00f3n excepcional: una pandemia\u201d.<\/p>\n<p>\u201cEs dif\u00edcil tomar medidas que afectan intereses econ\u00f3micos -subray\u00f3 Corach-, pero ya lo hemos dicho: no hay buenas noticias en una pandemia. Los dirigentes tenemos que estar a la altura del momento que vivimos, reflexionar, hacernos cargo del papel que nos toca ante una situaci\u00f3n excepcional y sostener, acompa\u00f1ar y comunicar las medidas que haya que comunicar, porque hay algo que debe quedar claro: son medidas en favor de todos los santafesinos y del valor m\u00e1s preciado que tenemos, la vida\u201d.<\/p>\n<div style=\"width: 640px;\" class=\"wp-video\"><video class=\"wp-video-shortcode\" id=\"video-20477-1\" width=\"640\" height=\"360\" preload=\"metadata\" controls=\"controls\"><source type=\"video\/mp4\" src=\"https:\/\/www.santafe.gov.ar\/noticias\/recursos\/videosHD\/2021\/05\/2021-05-11NID_270941O_1.mp4?_=1\" \/><a href=\"https:\/\/www.santafe.gov.ar\/noticias\/recursos\/videosHD\/2021\/05\/2021-05-11NID_270941O_1.mp4\">https:\/\/www.santafe.gov.ar\/noticias\/recursos\/videosHD\/2021\/05\/2021-05-11NID_270941O_1.mp4<\/a><\/video><\/div>\n<p><strong>SENSIBLES A LOS RIESGOS<\/strong><\/p>\n<p>En ese sentido, el ministro sentenci\u00f3: \u201cCreer que el gobierno es insensible ante los problemas que implica el normal desenvolvimiento de la econom\u00eda es, sobre todo, un an\u00e1lisis incorrecto. Se trata de ser, antes que nada, sensibles a los riesgos que acarrea la pandemia. Y luego, acompa\u00f1ar a quienes sufren las complicaciones que las medidas de cuidado y las restricciones conllevan\u201d.<\/p>\n<p>\u201cEs cierto que estamos tomando medidas que son dif\u00edciles -dijo-, pero lo hacemos con un sistema de salud que est\u00e1 muy exigido y con muertos que se suman de a decenas todos los d\u00edas en nuestra provincia\u201d.<\/p>\n<p>Y argument\u00f3: \u201cSomos los primeros que queremos que las restricciones cesen y que los riesgos de la pandemia queden atr\u00e1s, pero debemos ser responsables y tomar las medidas necesarias para el bien com\u00fan. Y necesitamos trabajar juntos todos aquellos que tenemos responsabilidades p\u00fablicas, en todas las instancias: nacional, provincial y local\u201d.<\/p>\n<p>Para cerrar, indic\u00f3 que \u201cvamos a sostener todo lo que podamos la presencialidad escolar, porque creemos que luego de la vida y de la salud, la educaci\u00f3n es el valor m\u00e1s importante que tenemos que proteger, porque es el futuro de nuestra sociedad. Con esas prioridades trabajamos y con la certeza que deseamos sea compartida por todos: cuanto m\u00e1s nos cuidamos y cuidamos al otro, m\u00e1s estamos haciendo para que esto quede atr\u00e1s y todos podamos salir adelante lo antes posible. Se ha dicho mucho, pero no por eso es menos cierto: en este momento, nadie se salva solo\u201d.<\/p>\n<p>De la reuni\u00f3n -llevada a cabo de manera virtual- participaron tambi\u00e9n los ministros de Salud, Sonia Martorano; de Trabajo, Empleo y Seguridad Social, Juan Manuel Pusineri; y de Desarrollo Social, Danilo Capitani; adem\u00e1s de los secretarios de Integraci\u00f3n y Fortalecimiento Institucional, Jos\u00e9 Freyre; y de Comercio Interior y Servicios, Juan Marcos Aviano.<\/p>\n<p><strong>LA POSTURA DE LOS INTENDENTES<\/strong><\/p>\n<p>El intendente de Rosario, Pablo Javkin, manifest\u00f3: \u201cNos tenemos que poner de acuerdo para poder atender a todos. La provincia es una sola y nosotros recibimos pacientes de todos lados. Se nos est\u00e1 achicando la capacidad de absorber casos, porque el paciente que entra en cama cr\u00edtica est\u00e1 un promedio de 28 d\u00edas. Necesitamos un criterio com\u00fan en la restricci\u00f3n a la circulaci\u00f3n, porque sino van a crecer los casos. Por eso, lo que decidamos lo tenemos que sostener entre todos\u201d.<\/p>\n<p>Asimismo, destac\u00f3 que \u201cvenimos muy bien con la vacunaci\u00f3n, probablemente en mayo y junio terminemos con el 60% de la poblaci\u00f3n objetivo vacunada. Tenemos que cuidarnos m\u00e1s por un tiempo, que por suerte cada vez es m\u00e1s corto\u201d.<\/p>\n<p>Por su parte, el intendente de la ciudad de Santa Fe, Emilio Jat\u00f3n, destac\u00f3 que dicha ciudad \u201cest\u00e1 recibiendo pacientes de 98 localidades adem\u00e1s de la ciudad de Santa Fe. Hoy nos quedan ocho camas. Lo que est\u00e1 pasando no le gusta a nadie. Ninguno quisiera estar en este lugar porque en medio est\u00e1 la salud de la gente y eso es preocupante. S\u00ed o s\u00ed tenemos que ser solidarios\u201d.<\/p>\n<p>Por \u00faltimo, el intendente de Arroyo Seco, Nizar Esper, sostuvo que \u201csi no tenemos conciencia y en cuenta el momento cr\u00edtico que estamos sufriendo, nunca vamos a lograr nada. El tema es much\u00edsimo m\u00e1s profundo y grave. Todos los intendentes y presidentes comunales tenemos que sostener las medidas\u201d.<\/p>\n<div style=\"width: 640px;\" class=\"wp-video\"><video class=\"wp-video-shortcode\" id=\"video-20477-2\" width=\"640\" height=\"360\" preload=\"metadata\" controls=\"controls\"><source type=\"video\/mp4\" src=\"https:\/\/www.santafe.gov.ar\/noticias\/recursos\/videosHD\/2021\/05\/2021-05-11NID_270941O_2.mp4?_=2\" \/><a href=\"https:\/\/www.santafe.gov.ar\/noticias\/recursos\/videosHD\/2021\/05\/2021-05-11NID_270941O_2.mp4\">https:\/\/www.santafe.gov.ar\/noticias\/recursos\/videosHD\/2021\/05\/2021-05-11NID_270941O_2.mp4<\/a><\/video><\/div>\n<p><strong>COMIT\u00c9 OPERATIVO DE EMERGENCIA<\/strong><\/p>\n<p>Anteriormente, la vicegobernadora, Alejandra Rodenas, encabez\u00f3 un c\u00f3nclave del Comit\u00e9 Operativo de Emergencia, compuesto por autoridades sanitarias y legisladores de los distintos departamentos del territorio santafesino.<\/p>\n<p>Al respecto, Rodenas explic\u00f3 que \u201cnos reunimos para despejar dudas y receptar inquietudes. Esto lo venimos haciendo desde la primera ola; hemos tenido un buen trabajo de coordinaci\u00f3n, al igual que el gobernador Omar Perotti con intendentes y presidentes comunales\u201d.<\/p>\n<p>En ese sentido, dijo que \u201csiempre se busca un marco de equilibrio entre la normativa nacional, la situaci\u00f3n sanitaria -que se monitorea d\u00eda a d\u00eda-, la opini\u00f3n de los expertos que asesoran al gobernador, y la temporalidad de las decisiones. Tenemos una profunda preocupaci\u00f3n por sostener, la actividad educativa, el sector productivo y cuidar la salud\u201d, finaliz\u00f3.<\/p>\n<p>Por \u00faltimo, autoridades de los Ministerios de Trabajo, Empleo y Seguridad Social; y de Producci\u00f3n, Ciencia y Tecnolog\u00eda, mantuvieron un encuentro virtual con representantes de actividades que se vieron afectadas por la pandemia, en continuidad del di\u00e1logo establecido con dichos sectores donde les adelantaron medidas econ\u00f3micas que la provincia destinar\u00e1 a los mismos.<\/p>\n","protected":false},"excerpt":{"rendered":"<p>Lo asegur\u00f3 el ministro de Gesti\u00f3n P\u00fablica luego de encabezar una mesa de trabajo con intendentes y presidentes comunales para analizar las medidas vigentes tras el \u00faltimo decreto provincial. El ministro de Gesti\u00f3n P\u00fablica de Santa Fe, Marcos Corach, encabez\u00f3 este martes una mesa de trabajo con m\u00e1s de 270 intendentes y presidentes comunales para [&hellip;]<\/p>\n","protected":false},"author":3,"featured_media":20478,"comment_status":"open","ping_status":"open","sticky":false,"template":"","format":"standard","meta":{"_joinchat":[],"footnotes":""},"categories":[60],"tags":[],"class_list":{"0":"post-20477","1":"post","2":"type-post","3":"status-publish","4":"format-standard","5":"has-post-thumbnail","7":"category-provinciales"},"_links":{"self":[{"href":"https:\/\/infovera.com.ar\/web\/wp-json\/wp\/v2\/posts\/20477","targetHints":{"allow":["GET"]}}],"collection":[{"href":"https:\/\/infovera.com.ar\/web\/wp-json\/wp\/v2\/posts"}],"about":[{"href":"https:\/\/infovera.com.ar\/web\/wp-json\/wp\/v2\/types\/post"}],"author":[{"embeddable":true,"href":"https:\/\/infovera.com.ar\/web\/wp-json\/wp\/v2\/users\/3"}],"replies":[{"embeddable":true,"href":"https:\/\/infovera.com.ar\/web\/wp-json\/wp\/v2\/comments?post=20477"}],"version-history":[{"count":0,"href":"https:\/\/infovera.com.ar\/web\/wp-json\/wp\/v2\/posts\/20477\/revisions"}],"wp:featuredmedia":[{"embeddable":true,"href":"https:\/\/infovera.com.ar\/web\/wp-json\/wp\/v2\/media\/20478"}],"wp:attachment":[{"href":"https:\/\/infovera.com.ar\/web\/wp-json\/wp\/v2\/media?parent=20477"}],"wp:term":[{"taxonomy":"category","embeddable":true,"href":"https:\/\/infovera.com.ar\/web\/wp-json\/wp\/v2\/categories?post=20477"},{"taxonomy":"post_tag","embeddable":true,"href":"https:\/\/infovera.com.ar\/web\/wp-json\/wp\/v2\/tags?post=20477"}],"curies":[{"name":"wp","href":"https:\/\/api.w.org\/{rel}","templated":true}]}}