{"id":20474,"date":"2021-05-12T00:00:59","date_gmt":"2021-05-12T03:00:59","guid":{"rendered":"https:\/\/infovera.com.ar\/web\/?p=20474"},"modified":"2021-05-12T13:16:12","modified_gmt":"2021-05-12T16:16:12","slug":"un-pastor-evangelico-es-la-primera-victima-fatal-por-covid-de-los-tabanos","status":"publish","type":"post","link":"https:\/\/infovera.com.ar\/web\/2021\/05\/12\/un-pastor-evangelico-es-la-primera-victima-fatal-por-covid-de-los-tabanos\/","title":{"rendered":"Un pastor evang\u00e9lico es la primera v\u00edctima fatal por Covid de Los T\u00e1banos"},"content":{"rendered":"<p><strong>El reverendo Jos\u00e9 Luis Mosch\u00e9n falleci\u00f3 ests noche por secuelas del contagio de Covid que padec\u00eda y que lo manten\u00eda internado en el Nuevo Hospital de Reconquista.<\/strong><\/p>\n<p>Desde su culto expresaron: &#8220;Nos encontramos conmovidos por el fallecimiento del hermano, amigo y Pastor Jose Luis Mosch\u00e9n &#8230;Su partida de este mundo nos entristece pero sabemos que ahora est\u00e1 en un lugar mejor con nuestro Se\u00f1or Jesucristo donde alg\u00fan d\u00eda nos reencontramos todos. Nuestras condolencias para su familia y los abrazamos desde aqu\u00ed. Atentamente: Pastores Ricardo y Beatriz Palacio; y congregaci\u00f3n&#8221;.<\/p>\n<p>Las muestras de pesar por el deceso del l\u00edder religiosos multiplicaron en las redes al conocerse la noticia.<\/p>\n<p>Sus restos ser\u00e1n trasladados en la ma\u00f1ana del mi\u00e9rcoles a Los T\u00e1banos para su inhumaci\u00f3n, por los protocolos vigentes por la pandemia no habr\u00e1 velatorio..<\/p>\n","protected":false},"excerpt":{"rendered":"<p>El reverendo Jos\u00e9 Luis Mosch\u00e9n falleci\u00f3 ests noche por secuelas del contagio de Covid que padec\u00eda y que lo manten\u00eda internado en el Nuevo Hospital de Reconquista. Desde su culto expresaron: &#8220;Nos encontramos conmovidos por el fallecimiento del hermano, amigo y Pastor Jose Luis Mosch\u00e9n &#8230;Su partida de este mundo nos entristece pero sabemos que [&hellip;]<\/p>\n","protected":false},"author":3,"featured_media":20475,"comment_status":"open","ping_status":"open","sticky":false,"template":"","format":"standard","meta":{"_joinchat":[],"footnotes":""},"categories":[51],"tags":[],"class_list":{"0":"post-20474","1":"post","2":"type-post","3":"status-publish","4":"format-standard","5":"has-post-thumbnail","7":"category-locales"},"_links":{"self":[{"href":"https:\/\/infovera.com.ar\/web\/wp-json\/wp\/v2\/posts\/20474","targetHints":{"allow":["GET"]}}],"collection":[{"href":"https:\/\/infovera.com.ar\/web\/wp-json\/wp\/v2\/posts"}],"about":[{"href":"https:\/\/infovera.com.ar\/web\/wp-json\/wp\/v2\/types\/post"}],"author":[{"embeddable":true,"href":"https:\/\/infovera.com.ar\/web\/wp-json\/wp\/v2\/users\/3"}],"replies":[{"embeddable":true,"href":"https:\/\/infovera.com.ar\/web\/wp-json\/wp\/v2\/comments?post=20474"}],"version-history":[{"count":0,"href":"https:\/\/infovera.com.ar\/web\/wp-json\/wp\/v2\/posts\/20474\/revisions"}],"wp:featuredmedia":[{"embeddable":true,"href":"https:\/\/infovera.com.ar\/web\/wp-json\/wp\/v2\/media\/20475"}],"wp:attachment":[{"href":"https:\/\/infovera.com.ar\/web\/wp-json\/wp\/v2\/media?parent=20474"}],"wp:term":[{"taxonomy":"category","embeddable":true,"href":"https:\/\/infovera.com.ar\/web\/wp-json\/wp\/v2\/categories?post=20474"},{"taxonomy":"post_tag","embeddable":true,"href":"https:\/\/infovera.com.ar\/web\/wp-json\/wp\/v2\/tags?post=20474"}],"curies":[{"name":"wp","href":"https:\/\/api.w.org\/{rel}","templated":true}]}}