{"id":20447,"date":"2021-05-11T13:50:41","date_gmt":"2021-05-11T16:50:41","guid":{"rendered":"https:\/\/infovera.com.ar\/web\/?p=20447"},"modified":"2021-05-12T01:00:07","modified_gmt":"2021-05-12T04:00:07","slug":"macin-y-otros-cincos-obispos-se-manifestaron-en-contra-de-las-restricciones-en-templos","status":"publish","type":"post","link":"https:\/\/infovera.com.ar\/web\/2021\/05\/11\/macin-y-otros-cincos-obispos-se-manifestaron-en-contra-de-las-restricciones-en-templos\/","title":{"rendered":"Mac\u00edn y otros cincos obispos se manifestaron en contra de las restricciones en templos"},"content":{"rendered":"<p><strong>A trav\u00e9s de un comunicado, el obispo de Reconquista y sus pares de la provincia de Santa Fe expresaron su descontento con las nuevas medidas restrictivas que proh\u00edben las actividades religiosas en lugares cerrados.<\/strong><\/p>\n<p>Los obispos de la provincia de Santa Fe\u00a0 dieron cuenta, a trav\u00e9s de un comunicado, de su descontento con las nuevas medidas restrictivas del gobierno provincial, que proh\u00edben las actividades religiosas en lugares cerrados.<\/p>\n<p>En relaci\u00f3n a este hecho, este martes brind\u00f3 una conferencia de prensa el arzobispo de Santa Fe de la Vera Cruz, Mons. Sergio Fenoy.<\/p>\n<p>Dentro del comunicado difundido en las \u00fatlimas horas, expresan que \u201cen todo este tiempo, nuestras comunidades cristianas han aprendido a cuidarse cumpliendo con todos los protocolos sanitarios, siendo muy respetuosas de los mismos. Por ejemplo: la reducci\u00f3n de la capacidad de asistentes a nuestros templos, el distanciamiento y la ventilaci\u00f3n en edificios que por su arquitectura son amplios y espaciosos, hemos sumado otras medidas como quitar el saludo de la paz en la Misa, el agua bendita en los ingresos al templo, solo por citar algunas\u201d.<\/p>\n<p>Por otra parte, destacan que la \u201cdimensi\u00f3n religiosa de la persona humana es un aspecto esencial del bienestar integral de la poblaci\u00f3n y el fortalecimiento espiritual de las personas.<\/p>\n<p>&nbsp;<\/p>\n<p><strong>Comunicado de los obispos de la Provincia de Santa Fe ante las nuevas restricciones<\/strong><\/p>\n<p>Los obispos de la Provincia de Santa Fe queremos expresar nuestro desconciertoy convencida disconformidad ante las nuevas medidas restrictivas, dispuestas porel Gobierno Provincial, mediante las cuales se proh\u00edbe toda actividad religiosa enlugares cerrados.<\/p>\n<p>Comprendemos la necesidad de adoptar medidas sanitarias para luchar contra la\u00a0pandemia,\u00a0cuidando\u00a0as\u00ed\u00a0la\u00a0salud\u00a0de\u00a0nuestro\u00a0pueblo.\u00a0Sin\u00a0embargo,\u00a0las\u00a0mismasdeben ser aplicadas con el m\u00e1ximo respeto a los derechos y garant\u00edas consagrados\u00a0por nuestra Constituci\u00f3n Nacional.<\/p>\n<p>Esto, necesariamente, implica el di\u00e1logo y el trabajo conjunto de todos los actoresde la sociedad comprometidos en cada ambiente, para estudiar y encontrar lasmejores alternativas que ayuden a salvaguardar la vida humana en su integralidad.<\/p>\n<p>La religiosidad es el alma de los pueblos latinoamericanos, por eso la dimensi\u00f3nreligiosa de la persona humana es un aspecto esencial del bienestar integral de la\u00a0poblaci\u00f3n y el fortalecimiento espiritual de las personas; por lo cual las medidas ydisposiciones que tomen las autoridades deber\u00edan atender siempre a su resguardo.<\/p>\n<p>En todo este tiempo, nuestras comunidades cristianas han aprendido a cuidarsecumpliendo con todos los protocolos sanitarios, siendo muy respetuosas de losmismos. Por ejemplo: la reducci\u00f3n de la capacidad de asistentes a nuestrostemplos, el distanciamiento y la ventilaci\u00f3n en edificios que por su arquitecturason amplios y espaciosos, hemos sumado otras medidas como quitar el saludo dela paz en la Misa, el agua bendita en los ingresos al templo, solo por citar algunas.<\/p>\n<p>Estas nuevas restricciones parecen desconocer este valioso esfuerzo de\u00a0 uestro pueblo, imponiendo condiciones que dificultan a\u00fan m\u00e1s la participaci\u00f3n de losfieles en todas las actividades religiosas. Sumar restricciones, no es la soluci\u00f3nque nuestro pueblo espera y necesita para crecer en la responsabilidad personal ysocial.<\/p>\n<p>Reiteramos nuestro pleno agradecimiento a la gran vocaci\u00f3n de servicio de todoslos agentes de salud, trabajadores de la educaci\u00f3n y agentes de seguridad, que realizan un formidable esfuerzo en la lucha contra esta pandemia.<\/p>\n<p>Asimismo,renovamos nuestro compromiso con el cuidado y salvaguarda de la salud de\u00a0todasy cada una de las personas, en especial de aquellas m\u00e1s d\u00e9biles y vulnerables.Los obispos de la Provincia de Santa Fe<\/p>\n<p><strong>Lunes 10 de mayo del A\u00f1o del Se\u00f1or 2021<\/strong><\/p>\n<p>Mons. Sergio Alfredo Fenoy &#8211; Arzobispo de Santa Fe de la Vera Cruz<\/p>\n<p>Mons. Eduardo Eliseo Mart\u00edn &#8211; Arzobispo de Rosario<\/p>\n<p>Mons. Angel Jos\u00e9 Mac\u00edn &#8211; Obispo de Reconquista<\/p>\n<p>Mons. Luis Alberto Fern\u00e1ndez &#8211; Obispo de Rafaela<\/p>\n<p>Mons. Gustavo Help &#8211; Obispo de Venado Tuerto<\/p>\n<p>Mons. Han Lim Moon &#8211; Obispo Coadjutor de Venado Tuerto<\/p>\n<p>&nbsp;<\/p>\n","protected":false},"excerpt":{"rendered":"<p>A trav\u00e9s de un comunicado, el obispo de Reconquista y sus pares de la provincia de Santa Fe expresaron su descontento con las nuevas medidas restrictivas que proh\u00edben las actividades religiosas en lugares cerrados. Los obispos de la provincia de Santa Fe\u00a0 dieron cuenta, a trav\u00e9s de un comunicado, de su descontento con las nuevas [&hellip;]<\/p>\n","protected":false},"author":3,"featured_media":20449,"comment_status":"open","ping_status":"open","sticky":false,"template":"","format":"standard","meta":{"_joinchat":[],"footnotes":""},"categories":[55],"tags":[],"class_list":{"0":"post-20447","1":"post","2":"type-post","3":"status-publish","4":"format-standard","5":"has-post-thumbnail","7":"category-reconquista"},"_links":{"self":[{"href":"https:\/\/infovera.com.ar\/web\/wp-json\/wp\/v2\/posts\/20447","targetHints":{"allow":["GET"]}}],"collection":[{"href":"https:\/\/infovera.com.ar\/web\/wp-json\/wp\/v2\/posts"}],"about":[{"href":"https:\/\/infovera.com.ar\/web\/wp-json\/wp\/v2\/types\/post"}],"author":[{"embeddable":true,"href":"https:\/\/infovera.com.ar\/web\/wp-json\/wp\/v2\/users\/3"}],"replies":[{"embeddable":true,"href":"https:\/\/infovera.com.ar\/web\/wp-json\/wp\/v2\/comments?post=20447"}],"version-history":[{"count":0,"href":"https:\/\/infovera.com.ar\/web\/wp-json\/wp\/v2\/posts\/20447\/revisions"}],"wp:featuredmedia":[{"embeddable":true,"href":"https:\/\/infovera.com.ar\/web\/wp-json\/wp\/v2\/media\/20449"}],"wp:attachment":[{"href":"https:\/\/infovera.com.ar\/web\/wp-json\/wp\/v2\/media?parent=20447"}],"wp:term":[{"taxonomy":"category","embeddable":true,"href":"https:\/\/infovera.com.ar\/web\/wp-json\/wp\/v2\/categories?post=20447"},{"taxonomy":"post_tag","embeddable":true,"href":"https:\/\/infovera.com.ar\/web\/wp-json\/wp\/v2\/tags?post=20447"}],"curies":[{"name":"wp","href":"https:\/\/api.w.org\/{rel}","templated":true}]}}