{"id":20428,"date":"2021-05-10T20:48:09","date_gmt":"2021-05-10T23:48:09","guid":{"rendered":"https:\/\/infovera.com.ar\/web\/?p=20428"},"modified":"2021-05-10T20:48:09","modified_gmt":"2021-05-10T23:48:09","slug":"dos-dias-de-duelo-en-la-gallareta-por-el-fallecimiento-de-miguel-lifschitz","status":"publish","type":"post","link":"https:\/\/infovera.com.ar\/web\/2021\/05\/10\/dos-dias-de-duelo-en-la-gallareta-por-el-fallecimiento-de-miguel-lifschitz\/","title":{"rendered":"Dos d\u00edas de duelo en La Gallareta por el fallecimiento de Miguel Lifschitz"},"content":{"rendered":"<p><strong>Comuna de La Gallareta dio a conocer que la instituci\u00f3n permanecer\u00e1 de duelo durante dos d\u00edas. Tal y como lo dictamin\u00f3 el Decreto Provincial N\u00b0 0459 por la muerte del ex Gobernador Miguel Lifschitz.<\/strong><\/p>\n<p>A las 48 horas de duelo provincial se le dispone tambi\u00e9n, que la Bandera Nacional y Provincial permanezcan a media asta en todos los edificios p\u00fablicos provinciales durante el periodo que dure el mismo.<\/p>\n<p>El Presidente de la C\u00e1mara de Diputadas y Diputados de la provincia, Miguel Lifschitz, falleci\u00f3 ayer domingo 9 de mayo en la ciudad de Rosario, donde se encontraba internado por agudizaciones de un cuadro de coronavirus.<\/p>\n<p>El ingeniero Miguel Lifschitz en su carrera pol\u00edtica se desempe\u00f1\u00f3 como intendente de Rosario entre 2003 y 2011, Senador Provincial por el Departamento Rosario entre 2011 y 2015, Gobernador de la Provincia de Santa Fe entre 2015 y 2019 y Diputado Provincial desde que finaliz\u00f3 su mandato al frente de la provincia, siendo elegido presidente de la c\u00e1mara baja por sus pares.<\/p>\n<p>&#8220;\u00a1Hasta siempre Miguel! Gracias por dignificar la pol\u00edtica y al pueblo santafesino&#8221;, expresaron desde la gesti\u00f3n comunal.<\/p>\n","protected":false},"excerpt":{"rendered":"<p>Comuna de La Gallareta dio a conocer que la instituci\u00f3n permanecer\u00e1 de duelo durante dos d\u00edas. Tal y como lo dictamin\u00f3 el Decreto Provincial N\u00b0 0459 por la muerte del ex Gobernador Miguel Lifschitz. A las 48 horas de duelo provincial se le dispone tambi\u00e9n, que la Bandera Nacional y Provincial permanezcan a media asta [&hellip;]<\/p>\n","protected":false},"author":3,"featured_media":20429,"comment_status":"open","ping_status":"open","sticky":false,"template":"","format":"standard","meta":{"_joinchat":[],"footnotes":""},"categories":[51],"tags":[],"class_list":{"0":"post-20428","1":"post","2":"type-post","3":"status-publish","4":"format-standard","5":"has-post-thumbnail","7":"category-locales"},"_links":{"self":[{"href":"https:\/\/infovera.com.ar\/web\/wp-json\/wp\/v2\/posts\/20428","targetHints":{"allow":["GET"]}}],"collection":[{"href":"https:\/\/infovera.com.ar\/web\/wp-json\/wp\/v2\/posts"}],"about":[{"href":"https:\/\/infovera.com.ar\/web\/wp-json\/wp\/v2\/types\/post"}],"author":[{"embeddable":true,"href":"https:\/\/infovera.com.ar\/web\/wp-json\/wp\/v2\/users\/3"}],"replies":[{"embeddable":true,"href":"https:\/\/infovera.com.ar\/web\/wp-json\/wp\/v2\/comments?post=20428"}],"version-history":[{"count":0,"href":"https:\/\/infovera.com.ar\/web\/wp-json\/wp\/v2\/posts\/20428\/revisions"}],"wp:featuredmedia":[{"embeddable":true,"href":"https:\/\/infovera.com.ar\/web\/wp-json\/wp\/v2\/media\/20429"}],"wp:attachment":[{"href":"https:\/\/infovera.com.ar\/web\/wp-json\/wp\/v2\/media?parent=20428"}],"wp:term":[{"taxonomy":"category","embeddable":true,"href":"https:\/\/infovera.com.ar\/web\/wp-json\/wp\/v2\/categories?post=20428"},{"taxonomy":"post_tag","embeddable":true,"href":"https:\/\/infovera.com.ar\/web\/wp-json\/wp\/v2\/tags?post=20428"}],"curies":[{"name":"wp","href":"https:\/\/api.w.org\/{rel}","templated":true}]}}