{"id":20405,"date":"2021-05-10T19:18:58","date_gmt":"2021-05-10T22:18:58","guid":{"rendered":"https:\/\/infovera.com.ar\/web\/?p=20405"},"modified":"2021-05-11T14:07:46","modified_gmt":"2021-05-11T17:07:46","slug":"chiqui-rojas-en-el-ultimo-adios-a-miguel-lifschitz-nos-queda-ser-como-vos-tenemos-que-ser-como-vos","status":"publish","type":"post","link":"https:\/\/infovera.com.ar\/web\/2021\/05\/10\/chiqui-rojas-en-el-ultimo-adios-a-miguel-lifschitz-nos-queda-ser-como-vos-tenemos-que-ser-como-vos\/","title":{"rendered":"&#8220;Chiqui&#8221; Rojas, en el \u00faltimo adi\u00f3s a Miguel Lifschitz: &#8220;Nos queda ser como vos, tenemos que ser como vos&#8221;"},"content":{"rendered":"<p><strong>El dirigente socialista Sergio &#8220;Chiqui&#8221; Rojas particip\u00f3 en Rosario del cortejo de despedida al ex gobernador Miguel Lifschitz.<\/strong><\/p>\n<p><strong><span style=\"color: #ff0000;\">Su mensaje:\u00a0<\/span><\/strong><\/p>\n<p>Se nos fue uno de los tipos que era distinto realmente y se fue como nos ense\u00f1\u00f3, como aprendimos&#8230; Siempre pele\u00e1ndola, hasta el final.<\/p>\n<p>Ahora nos queda ser generosos, humildes laburantes 24&#215;7, nos queda ser como vos, tenemos que ser como vos.<\/p>\n<p>Gracias Miguel! Muchas gracias por tu generosidad y por haberme dado el privilegio de ser parte de una gesti\u00f3n que se recordar\u00e1 por muchos a\u00f1os por la transformaci\u00f3n que hiciste en la provincia pero sobretodo gracias por los momentos que est\u00e1n grabados en la memoria de much\u00edsimos Nortefesinos y Nortefesinas a los que les cambiaste la vida.<\/p>\n<p>Que est\u00e9s sonriendo!<\/p>\n","protected":false},"excerpt":{"rendered":"<p>El dirigente socialista Sergio &#8220;Chiqui&#8221; Rojas particip\u00f3 en Rosario del cortejo de despedida al ex gobernador Miguel Lifschitz. Su mensaje:\u00a0 Se nos fue uno de los tipos que era distinto realmente y se fue como nos ense\u00f1\u00f3, como aprendimos&#8230; Siempre pele\u00e1ndola, hasta el final. Ahora nos queda ser generosos, humildes laburantes 24&#215;7, nos queda ser [&hellip;]<\/p>\n","protected":false},"author":3,"featured_media":20406,"comment_status":"open","ping_status":"open","sticky":false,"template":"","format":"standard","meta":{"_joinchat":[],"footnotes":""},"categories":[53],"tags":[],"class_list":{"0":"post-20405","1":"post","2":"type-post","3":"status-publish","4":"format-standard","5":"has-post-thumbnail","7":"category-vera"},"_links":{"self":[{"href":"https:\/\/infovera.com.ar\/web\/wp-json\/wp\/v2\/posts\/20405","targetHints":{"allow":["GET"]}}],"collection":[{"href":"https:\/\/infovera.com.ar\/web\/wp-json\/wp\/v2\/posts"}],"about":[{"href":"https:\/\/infovera.com.ar\/web\/wp-json\/wp\/v2\/types\/post"}],"author":[{"embeddable":true,"href":"https:\/\/infovera.com.ar\/web\/wp-json\/wp\/v2\/users\/3"}],"replies":[{"embeddable":true,"href":"https:\/\/infovera.com.ar\/web\/wp-json\/wp\/v2\/comments?post=20405"}],"version-history":[{"count":0,"href":"https:\/\/infovera.com.ar\/web\/wp-json\/wp\/v2\/posts\/20405\/revisions"}],"wp:featuredmedia":[{"embeddable":true,"href":"https:\/\/infovera.com.ar\/web\/wp-json\/wp\/v2\/media\/20406"}],"wp:attachment":[{"href":"https:\/\/infovera.com.ar\/web\/wp-json\/wp\/v2\/media?parent=20405"}],"wp:term":[{"taxonomy":"category","embeddable":true,"href":"https:\/\/infovera.com.ar\/web\/wp-json\/wp\/v2\/categories?post=20405"},{"taxonomy":"post_tag","embeddable":true,"href":"https:\/\/infovera.com.ar\/web\/wp-json\/wp\/v2\/tags?post=20405"}],"curies":[{"name":"wp","href":"https:\/\/api.w.org\/{rel}","templated":true}]}}