{"id":20402,"date":"2021-05-10T19:23:42","date_gmt":"2021-05-10T22:23:42","guid":{"rendered":"https:\/\/infovera.com.ar\/web\/?p=20402"},"modified":"2021-05-10T19:30:10","modified_gmt":"2021-05-10T22:30:10","slug":"los-diputados-de-santa-fe-deben-elegir-al-sucesor-de-lifschtiz-en-la-presidencia-de-la-camara","status":"publish","type":"post","link":"https:\/\/infovera.com.ar\/web\/2021\/05\/10\/los-diputados-de-santa-fe-deben-elegir-al-sucesor-de-lifschtiz-en-la-presidencia-de-la-camara\/","title":{"rendered":"Los diputados de Santa Fe deben elegir al sucesor de Lifschitz en la presidencia de la C\u00e1mara"},"content":{"rendered":"<p><strong>Uno de los nombres que se mencionan es el de Pablo Far\u00edas, titular del interbloque Frente Progresista. La banca del ex gobernador deber\u00eda ser ocupada por Nicol\u00e1s Aimar.<\/strong><\/p>\n<p>La C\u00e1mara de Diputados de Santa Fe deber\u00e1 definir en los pr\u00f3ximos d\u00edas al nuevo presidente del cuerpo, que reemplazar\u00e1 al fallecido Miguel Lifschitz. Este tr\u00e1mite que deb\u00eda cumplirse el 29 de abril pasado, pero frustr\u00f3 porque el ex gobernador ya estaba internado y cursando las secuelas en su salud tras haberse contagiado de coronarivus.<\/p>\n<p>Lifschitz presid\u00eda la C\u00e1mara baja y hab\u00eda consenso para que siguiera ocupando ese cargo, acompa\u00f1ado en las vicepresidencias por Lucila De Ponti (PJ) y Jimena Senn (UCR),\u00a0pero ahora los legisladores deber\u00e1n designar un sucesor entre alguno de los diputados del bloque mayoritario, es decir el Frente Progresista C\u00edvico y Social.<\/p>\n<p>A mediados de abril, Lifschitz hab\u00eda sugerido que la sesi\u00f3n preparatoria para la elecci\u00f3n de autoridades se efectivizara dos d\u00edas antes de la apertura de sesiones ordinarias de la Legislatura, el 1\u00b0 de mayo, pero el agravamiento de su cuadro de salud oblig\u00f3 a una postergaci\u00f3n.<\/p>\n<p>Con el deceso del l\u00edder socialista comenzaron a barajarse posibles fechas para la convocatoria a la sesi\u00f3n preparatoria, a la vez que tambi\u00e9n se iniciaron conversaciones sobre los diputados que podr\u00edan ser propuestos.<\/p>\n<p>El titular del interbloque Frente Progresista, Pablo Far\u00edas, es uno de los nombres que se mencionan para la presidencia de la C\u00e1mara,\u00a0aunque por el momento se trata de comentarios preliminares.<\/p>\n<p>La banca que qued\u00f3 vacante por la muerte de Lifschitz le corresponder\u00eda a Nicol\u00e1s Aimar,\u00a0secretario de gobierno de la municipalidad de Santa Fe, quien hasta ahora no confirm\u00f3 si asumir\u00e1 como legislador o seguir\u00e1 en su cargo.<\/p>\n<p>Fuente: La Capital<\/p>\n","protected":false},"excerpt":{"rendered":"<p>Uno de los nombres que se mencionan es el de Pablo Far\u00edas, titular del interbloque Frente Progresista. La banca del ex gobernador deber\u00eda ser ocupada por Nicol\u00e1s Aimar. La C\u00e1mara de Diputados de Santa Fe deber\u00e1 definir en los pr\u00f3ximos d\u00edas al nuevo presidente del cuerpo, que reemplazar\u00e1 al fallecido Miguel Lifschitz. Este tr\u00e1mite que [&hellip;]<\/p>\n","protected":false},"author":3,"featured_media":20409,"comment_status":"open","ping_status":"open","sticky":false,"template":"","format":"standard","meta":{"_joinchat":[],"footnotes":""},"categories":[1],"tags":[],"class_list":{"0":"post-20402","1":"post","2":"type-post","3":"status-publish","4":"format-standard","5":"has-post-thumbnail","7":"category-sin-categoria"},"_links":{"self":[{"href":"https:\/\/infovera.com.ar\/web\/wp-json\/wp\/v2\/posts\/20402","targetHints":{"allow":["GET"]}}],"collection":[{"href":"https:\/\/infovera.com.ar\/web\/wp-json\/wp\/v2\/posts"}],"about":[{"href":"https:\/\/infovera.com.ar\/web\/wp-json\/wp\/v2\/types\/post"}],"author":[{"embeddable":true,"href":"https:\/\/infovera.com.ar\/web\/wp-json\/wp\/v2\/users\/3"}],"replies":[{"embeddable":true,"href":"https:\/\/infovera.com.ar\/web\/wp-json\/wp\/v2\/comments?post=20402"}],"version-history":[{"count":0,"href":"https:\/\/infovera.com.ar\/web\/wp-json\/wp\/v2\/posts\/20402\/revisions"}],"wp:featuredmedia":[{"embeddable":true,"href":"https:\/\/infovera.com.ar\/web\/wp-json\/wp\/v2\/media\/20409"}],"wp:attachment":[{"href":"https:\/\/infovera.com.ar\/web\/wp-json\/wp\/v2\/media?parent=20402"}],"wp:term":[{"taxonomy":"category","embeddable":true,"href":"https:\/\/infovera.com.ar\/web\/wp-json\/wp\/v2\/categories?post=20402"},{"taxonomy":"post_tag","embeddable":true,"href":"https:\/\/infovera.com.ar\/web\/wp-json\/wp\/v2\/tags?post=20402"}],"curies":[{"name":"wp","href":"https:\/\/api.w.org\/{rel}","templated":true}]}}