{"id":20394,"date":"2021-05-10T18:45:51","date_gmt":"2021-05-10T21:45:51","guid":{"rendered":"https:\/\/infovera.com.ar\/web\/?p=20394"},"modified":"2021-05-11T13:36:38","modified_gmt":"2021-05-11T16:36:38","slug":"osvaldo-sosa-destaco-a-miguel-lifschitz-como-una-persona-de-bien","status":"publish","type":"post","link":"https:\/\/infovera.com.ar\/web\/2021\/05\/10\/osvaldo-sosa-destaco-a-miguel-lifschitz-como-una-persona-de-bien\/","title":{"rendered":"Osvaldo Sosa destac\u00f3 a Miguel Lifschitz como una &#8220;persona de bien&#8221;"},"content":{"rendered":"<p><strong>Fue gobernador y actualmente era presidente de la C\u00e1mara de Diputados.<\/strong><\/p>\n<p>&#8220;La pol\u00edtica y la sociedad terminan de perder a una persona de bien. Que en paz descanses \ud835\udde0\ud835\uddf6\ud835\uddf4\ud835\ude02\ud835\uddf2\ud835\uddf9 \ud835\udddf\ud835\uddf6\ud835\uddf3\ud835\ude00\ud835\uddf0\ud835\uddf5\ud835\uddf6\ud835\ude01\ud835\ude07. Mis condolencias a la familia y a todos los militantes que encontraron en \u00e9l, un l\u00edder pol\u00edtico&#8221;, expres\u00f3 el senador provincial.<\/p>\n","protected":false},"excerpt":{"rendered":"<p>Fue gobernador y actualmente era presidente de la C\u00e1mara de Diputados. &#8220;La pol\u00edtica y la sociedad terminan de perder a una persona de bien. Que en paz descanses \ud835\udde0\ud835\uddf6\ud835\uddf4\ud835\ude02\ud835\uddf2\ud835\uddf9 \ud835\udddf\ud835\uddf6\ud835\uddf3\ud835\ude00\ud835\uddf0\ud835\uddf5\ud835\uddf6\ud835\ude01\ud835\ude07. Mis condolencias a la familia y a todos los militantes que encontraron en \u00e9l, un l\u00edder pol\u00edtico&#8221;, expres\u00f3 el senador provincial.<\/p>\n","protected":false},"author":3,"featured_media":20403,"comment_status":"open","ping_status":"open","sticky":false,"template":"","format":"standard","meta":{"_joinchat":[],"footnotes":""},"categories":[53],"tags":[],"class_list":{"0":"post-20394","1":"post","2":"type-post","3":"status-publish","4":"format-standard","5":"has-post-thumbnail","7":"category-vera"},"_links":{"self":[{"href":"https:\/\/infovera.com.ar\/web\/wp-json\/wp\/v2\/posts\/20394","targetHints":{"allow":["GET"]}}],"collection":[{"href":"https:\/\/infovera.com.ar\/web\/wp-json\/wp\/v2\/posts"}],"about":[{"href":"https:\/\/infovera.com.ar\/web\/wp-json\/wp\/v2\/types\/post"}],"author":[{"embeddable":true,"href":"https:\/\/infovera.com.ar\/web\/wp-json\/wp\/v2\/users\/3"}],"replies":[{"embeddable":true,"href":"https:\/\/infovera.com.ar\/web\/wp-json\/wp\/v2\/comments?post=20394"}],"version-history":[{"count":0,"href":"https:\/\/infovera.com.ar\/web\/wp-json\/wp\/v2\/posts\/20394\/revisions"}],"wp:featuredmedia":[{"embeddable":true,"href":"https:\/\/infovera.com.ar\/web\/wp-json\/wp\/v2\/media\/20403"}],"wp:attachment":[{"href":"https:\/\/infovera.com.ar\/web\/wp-json\/wp\/v2\/media?parent=20394"}],"wp:term":[{"taxonomy":"category","embeddable":true,"href":"https:\/\/infovera.com.ar\/web\/wp-json\/wp\/v2\/categories?post=20394"},{"taxonomy":"post_tag","embeddable":true,"href":"https:\/\/infovera.com.ar\/web\/wp-json\/wp\/v2\/tags?post=20394"}],"curies":[{"name":"wp","href":"https:\/\/api.w.org\/{rel}","templated":true}]}}