{"id":20393,"date":"2021-05-10T19:03:41","date_gmt":"2021-05-10T22:03:41","guid":{"rendered":"https:\/\/infovera.com.ar\/web\/?p=20393"},"modified":"2021-05-11T13:35:40","modified_gmt":"2021-05-11T16:35:40","slug":"reynaldo-fabbroni-despidio-a-miguel-lifschitz","status":"publish","type":"post","link":"https:\/\/infovera.com.ar\/web\/2021\/05\/10\/reynaldo-fabbroni-despidio-a-miguel-lifschitz\/","title":{"rendered":"Reynaldo Fabbroni despidi\u00f3 a Miguel Lifschitz"},"content":{"rendered":"<p><strong>El ex intendente de la ciudad de Vera, Reynaldo Fabbroni, <\/strong>hizo llegar sus condolencias a la familia de Miguel Lifschitz, a la vez de resaltar que es una p\u00e9rdida inmensa para el Frente Progresista y la pol\u00edtica santafesina en general.<\/p>\n<p>&#8220;Lifschitz fue sin duda uno de los gobernadores m\u00e1s importantes que tuvo la provincia y con nuestro norte tuvo un compromiso y cercan\u00eda pocas veces visto, plasmado en obras fundamentales para la regi\u00f3n&#8221;, dijo, destacando la impronta de gesti\u00f3n que caracteriz\u00f3 al ex gobernador.<\/p>\n","protected":false},"excerpt":{"rendered":"<p>El ex intendente de la ciudad de Vera, Reynaldo Fabbroni, hizo llegar sus condolencias a la familia de Miguel Lifschitz, a la vez de resaltar que es una p\u00e9rdida inmensa para el Frente Progresista y la pol\u00edtica santafesina en general. &#8220;Lifschitz fue sin duda uno de los gobernadores m\u00e1s importantes que tuvo la provincia y [&hellip;]<\/p>\n","protected":false},"author":3,"featured_media":20400,"comment_status":"open","ping_status":"open","sticky":false,"template":"","format":"standard","meta":{"_joinchat":[],"footnotes":""},"categories":[53],"tags":[],"class_list":{"0":"post-20393","1":"post","2":"type-post","3":"status-publish","4":"format-standard","5":"has-post-thumbnail","7":"category-vera"},"_links":{"self":[{"href":"https:\/\/infovera.com.ar\/web\/wp-json\/wp\/v2\/posts\/20393","targetHints":{"allow":["GET"]}}],"collection":[{"href":"https:\/\/infovera.com.ar\/web\/wp-json\/wp\/v2\/posts"}],"about":[{"href":"https:\/\/infovera.com.ar\/web\/wp-json\/wp\/v2\/types\/post"}],"author":[{"embeddable":true,"href":"https:\/\/infovera.com.ar\/web\/wp-json\/wp\/v2\/users\/3"}],"replies":[{"embeddable":true,"href":"https:\/\/infovera.com.ar\/web\/wp-json\/wp\/v2\/comments?post=20393"}],"version-history":[{"count":0,"href":"https:\/\/infovera.com.ar\/web\/wp-json\/wp\/v2\/posts\/20393\/revisions"}],"wp:featuredmedia":[{"embeddable":true,"href":"https:\/\/infovera.com.ar\/web\/wp-json\/wp\/v2\/media\/20400"}],"wp:attachment":[{"href":"https:\/\/infovera.com.ar\/web\/wp-json\/wp\/v2\/media?parent=20393"}],"wp:term":[{"taxonomy":"category","embeddable":true,"href":"https:\/\/infovera.com.ar\/web\/wp-json\/wp\/v2\/categories?post=20393"},{"taxonomy":"post_tag","embeddable":true,"href":"https:\/\/infovera.com.ar\/web\/wp-json\/wp\/v2\/tags?post=20393"}],"curies":[{"name":"wp","href":"https:\/\/api.w.org\/{rel}","templated":true}]}}