{"id":20323,"date":"2021-05-08T15:11:27","date_gmt":"2021-05-08T18:11:27","guid":{"rendered":"https:\/\/infovera.com.ar\/web\/?p=20323"},"modified":"2021-05-09T20:05:31","modified_gmt":"2021-05-09T23:05:31","slug":"el-norte-quedo-exceptuado-del-cierre-de-gimnasios-clubes-y-canchas-de-futbol-5","status":"publish","type":"post","link":"https:\/\/infovera.com.ar\/web\/2021\/05\/08\/el-norte-quedo-exceptuado-del-cierre-de-gimnasios-clubes-y-canchas-de-futbol-5\/","title":{"rendered":"El norte qued\u00f3 exceptuado del cierre de gimnasios, clubes y canchas de f\u00fatbol 5"},"content":{"rendered":"<p><strong>Las medidas anunciadadas por el gobierno provicial regir\u00e1n en los departamentos Las Colonias, La Capital, San Jer\u00f3nimo, Castellanos, San Justo, San Mart\u00edn, San Crist\u00f3bal, Belgrano, Constituci\u00f3n, Caseros, General L\u00f3pez, Iriondo, Rosario y San Lorenzo.<\/strong><\/p>\n<p>Por 15 d\u00edas, en esos territorios solo se permitir\u00e1n actividades religiosas al aire libre. El departamento Vera sigue con la misma modalidad con que ven\u00eda hasta el momento, al igual que Gral. Obligado, 9 de Julio y San Javier.<\/p>\n<p>El gobernador Omar Perotti anunci\u00f3 este s\u00e1bado por la ma\u00f1ana las nuevas restricciones que se aplicar\u00e1n desde el lunes y hasta el 21 de mayo en 14 de los 19 departamentos que componen la provincia de Santa Fe.<\/p>\n<p>En un breve mensaje, el que estuvo acompa\u00f1ado por la ministra de Salud,\u00a0Sonia Martonaro, el mandatario santafesino inform\u00f3 que, en esta nueva etapa,\u00a0se suspender\u00e1 el funcionamiento de clubes, gimnasios, canchas de f\u00fatbol 5\u00a0y otros establecimientos afines. Al mismo tiempo, la medida incluye tambi\u00e9n actividades religiosas en espacios cerrados.<\/p>\n<p>Estas restricciones afectan a los siguientes distritos: Las Colonias, La Capital, San Jer\u00f3nimo, Castellanos, San Justo, San Mart\u00edn, San Crist\u00f3bal, Belgrano, Constituci\u00f3n, Caseros, General L\u00f3pez, Iriondo, Rosario y San Lorenzo.<\/p>\n<p>A partir del lunes\u00a0se retomar\u00e1n las\u00a0clases\u00a0presenciales en los niveles incial y primario en los departamentos Rosario y San Lorenzo,\u00a0en cuanto al nivel secundario dispuso que sigan las restricciones que existen hoy para prevenir el aumento de contagios en el marco de la\u00a0segunda ola\u00a0de la pandemia de coronavirus.<\/p>\n<p>&nbsp;<\/p>\n<p><iframe loading=\"lazy\" title=\"[EN VIVO] Anuncio nuevas medidas en el marco de la nueva modalidad de convivencia en pandemia\" width=\"696\" height=\"392\" src=\"https:\/\/www.youtube.com\/embed\/FhOgalaJY8w?feature=oembed\" frameborder=\"0\" allow=\"accelerometer; autoplay; clipboard-write; encrypted-media; gyroscope; picture-in-picture; web-share\" referrerpolicy=\"strict-origin-when-cross-origin\" allowfullscreen><\/iframe><\/p>\n<p>&nbsp;<\/p>\n","protected":false},"excerpt":{"rendered":"<p>Las medidas anunciadadas por el gobierno provicial regir\u00e1n en los departamentos Las Colonias, La Capital, San Jer\u00f3nimo, Castellanos, San Justo, San Mart\u00edn, San Crist\u00f3bal, Belgrano, Constituci\u00f3n, Caseros, General L\u00f3pez, Iriondo, Rosario y San Lorenzo. Por 15 d\u00edas, en esos territorios solo se permitir\u00e1n actividades religiosas al aire libre. El departamento Vera sigue con la misma [&hellip;]<\/p>\n","protected":false},"author":3,"featured_media":20324,"comment_status":"open","ping_status":"open","sticky":false,"template":"","format":"standard","meta":{"_joinchat":[],"footnotes":""},"categories":[51],"tags":[],"class_list":{"0":"post-20323","1":"post","2":"type-post","3":"status-publish","4":"format-standard","5":"has-post-thumbnail","7":"category-locales"},"_links":{"self":[{"href":"https:\/\/infovera.com.ar\/web\/wp-json\/wp\/v2\/posts\/20323","targetHints":{"allow":["GET"]}}],"collection":[{"href":"https:\/\/infovera.com.ar\/web\/wp-json\/wp\/v2\/posts"}],"about":[{"href":"https:\/\/infovera.com.ar\/web\/wp-json\/wp\/v2\/types\/post"}],"author":[{"embeddable":true,"href":"https:\/\/infovera.com.ar\/web\/wp-json\/wp\/v2\/users\/3"}],"replies":[{"embeddable":true,"href":"https:\/\/infovera.com.ar\/web\/wp-json\/wp\/v2\/comments?post=20323"}],"version-history":[{"count":0,"href":"https:\/\/infovera.com.ar\/web\/wp-json\/wp\/v2\/posts\/20323\/revisions"}],"wp:featuredmedia":[{"embeddable":true,"href":"https:\/\/infovera.com.ar\/web\/wp-json\/wp\/v2\/media\/20324"}],"wp:attachment":[{"href":"https:\/\/infovera.com.ar\/web\/wp-json\/wp\/v2\/media?parent=20323"}],"wp:term":[{"taxonomy":"category","embeddable":true,"href":"https:\/\/infovera.com.ar\/web\/wp-json\/wp\/v2\/categories?post=20323"},{"taxonomy":"post_tag","embeddable":true,"href":"https:\/\/infovera.com.ar\/web\/wp-json\/wp\/v2\/tags?post=20323"}],"curies":[{"name":"wp","href":"https:\/\/api.w.org\/{rel}","templated":true}]}}