{"id":20304,"date":"2021-05-07T10:04:12","date_gmt":"2021-05-07T13:04:12","guid":{"rendered":"https:\/\/infovera.com.ar\/web\/?p=20304"},"modified":"2021-05-07T19:58:15","modified_gmt":"2021-05-07T22:58:15","slug":"el-ministro-costamagna-se-reunio-con-la-intendente-paula-mitre","status":"publish","type":"post","link":"https:\/\/infovera.com.ar\/web\/2021\/05\/07\/el-ministro-costamagna-se-reunio-con-la-intendente-paula-mitre\/","title":{"rendered":"El ministro Costamagna se reuni\u00f3 con la intendente Paula Mitre"},"content":{"rendered":"<p><strong>La intendente Paula Mitre recibi\u00f3 al ministro de Producci\u00f3n, Ciencia y Tecnolog\u00eda de la Provincia, Daniel Costamagna, y al secretario de Desarrollo Territorial y Arraigo, Fabricio Medina.<\/strong><\/p>\n<p>En el encuentro,\u00a0 Mitre puso en conocimiento a los funcionarios las necesidades de la ciudad y el distrito en cuanto a producci\u00f3n se refiere.<\/p>\n<p>En ese sentido, la titular del Ejecutivo Municipal expres\u00f3: \u201cEn esta primera visita del Ministro Costamagna a nuestra ciudad, conjuntamente con el secretario de la Producci\u00f3n, Paulo Dodorico, le trasladamos las demandas de los distintos sectores productivos locales.<\/p>\n<p>Puntualizamos las necesidades de mayor inversi\u00f3n en tecnolog\u00eda, energ\u00eda, conectividad e infraestructura, como la concreci\u00f3n de un \u00e1rea productiva para nuestros inversores, caminos y rutas seguras para nuestros productores rurales, entre otros.<\/p>\n<p>El funcionario nos escuch\u00f3 y manifest\u00f3 su predisposici\u00f3n para trabajar juntos en fortalecer la actividad productiva, que es fundamental impulsar para generar empleo y evitar la migraci\u00f3n de los habitantes de su lugar de origen\u201d.<\/p>\n","protected":false},"excerpt":{"rendered":"<p>La intendente Paula Mitre recibi\u00f3 al ministro de Producci\u00f3n, Ciencia y Tecnolog\u00eda de la Provincia, Daniel Costamagna, y al secretario de Desarrollo Territorial y Arraigo, Fabricio Medina. En el encuentro,\u00a0 Mitre puso en conocimiento a los funcionarios las necesidades de la ciudad y el distrito en cuanto a producci\u00f3n se refiere. En ese sentido, la [&hellip;]<\/p>\n","protected":false},"author":3,"featured_media":20305,"comment_status":"open","ping_status":"open","sticky":false,"template":"","format":"standard","meta":{"_joinchat":[],"footnotes":""},"categories":[53],"tags":[],"class_list":{"0":"post-20304","1":"post","2":"type-post","3":"status-publish","4":"format-standard","5":"has-post-thumbnail","7":"category-vera"},"_links":{"self":[{"href":"https:\/\/infovera.com.ar\/web\/wp-json\/wp\/v2\/posts\/20304","targetHints":{"allow":["GET"]}}],"collection":[{"href":"https:\/\/infovera.com.ar\/web\/wp-json\/wp\/v2\/posts"}],"about":[{"href":"https:\/\/infovera.com.ar\/web\/wp-json\/wp\/v2\/types\/post"}],"author":[{"embeddable":true,"href":"https:\/\/infovera.com.ar\/web\/wp-json\/wp\/v2\/users\/3"}],"replies":[{"embeddable":true,"href":"https:\/\/infovera.com.ar\/web\/wp-json\/wp\/v2\/comments?post=20304"}],"version-history":[{"count":0,"href":"https:\/\/infovera.com.ar\/web\/wp-json\/wp\/v2\/posts\/20304\/revisions"}],"wp:featuredmedia":[{"embeddable":true,"href":"https:\/\/infovera.com.ar\/web\/wp-json\/wp\/v2\/media\/20305"}],"wp:attachment":[{"href":"https:\/\/infovera.com.ar\/web\/wp-json\/wp\/v2\/media?parent=20304"}],"wp:term":[{"taxonomy":"category","embeddable":true,"href":"https:\/\/infovera.com.ar\/web\/wp-json\/wp\/v2\/categories?post=20304"},{"taxonomy":"post_tag","embeddable":true,"href":"https:\/\/infovera.com.ar\/web\/wp-json\/wp\/v2\/tags?post=20304"}],"curies":[{"name":"wp","href":"https:\/\/api.w.org\/{rel}","templated":true}]}}