{"id":20294,"date":"2021-05-07T10:10:22","date_gmt":"2021-05-07T13:10:22","guid":{"rendered":"https:\/\/infovera.com.ar\/web\/?p=20294"},"modified":"2021-05-08T15:28:12","modified_gmt":"2021-05-08T18:28:12","slug":"recupero-la-libertad-el-imputado-por-publicar-un-video-en-instragram","status":"publish","type":"post","link":"https:\/\/infovera.com.ar\/web\/2021\/05\/07\/recupero-la-libertad-el-imputado-por-publicar-un-video-en-instragram\/","title":{"rendered":"Recuper\u00f3 la libertad el imputado por publicar un video &#8220;expl\u00edcito&#8221; en Instragram"},"content":{"rendered":"<p><strong>Walter Reucci, de 35 a\u00f1os, fue puesto en libertad hoy al finalizar la audiencia de medida cuatelar llevada a cabo por la Oficina de Gesti\u00f3n Judicial de Tostado mediante Zoom.<\/strong><\/p>\n<p>Primeramente, la fiscal Shirli Tomasso\u00a0lo imput\u00f3 por divulgar contenido audiovisual, que consider\u00f3 pornogr\u00e1fico, de dos mujeres menores de edad bes\u00e1ndose a trav\u00e9s de la red social Instagram.<\/p>\n<p>Una vez finalizada la atribuci\u00f3n del delito, se realiz\u00f3 la audiencia de prisi\u00f3n preventiva en la que los abogados Sixto Gonz\u00e1lez y Agust\u00edn Bergel hicieron valer el peso de sus argumentos y lograron que su defendido vuelva a gozar del estado de libertad.<\/p>\n<p><img loading=\"lazy\" decoding=\"async\" class=\"wp-image-19990 aligncenter\" src=\"https:\/\/infovera.com.ar\/web\/wp-content\/uploads\/2021\/05\/ACOSTA-3-300x54.jpg\" alt=\"\" width=\"483\" height=\"87\" srcset=\"https:\/\/infovera.com.ar\/web\/wp-content\/uploads\/2021\/05\/ACOSTA-3-300x54.jpg 300w, https:\/\/infovera.com.ar\/web\/wp-content\/uploads\/2021\/05\/ACOSTA-3.jpg 670w\" sizes=\"auto, (max-width: 483px) 100vw, 483px\" \/><\/p>\n<p>El juez Est\u00e9vez presidi\u00f3 el debate de las partes y acept\u00f3 imponerle a Reucci la prohibici\u00f3n de rigor de acercarse a las supuestas v\u00edctimas.<\/p>\n","protected":false},"excerpt":{"rendered":"<p>Walter Reucci, de 35 a\u00f1os, fue puesto en libertad hoy al finalizar la audiencia de medida cuatelar llevada a cabo por la Oficina de Gesti\u00f3n Judicial de Tostado mediante Zoom. Primeramente, la fiscal Shirli Tomasso\u00a0lo imput\u00f3 por divulgar contenido audiovisual, que consider\u00f3 pornogr\u00e1fico, de dos mujeres menores de edad bes\u00e1ndose a trav\u00e9s de la red [&hellip;]<\/p>\n","protected":false},"author":3,"featured_media":20296,"comment_status":"open","ping_status":"open","sticky":false,"template":"","format":"standard","meta":{"_joinchat":[],"footnotes":""},"categories":[51],"tags":[],"class_list":{"0":"post-20294","1":"post","2":"type-post","3":"status-publish","4":"format-standard","5":"has-post-thumbnail","7":"category-locales"},"_links":{"self":[{"href":"https:\/\/infovera.com.ar\/web\/wp-json\/wp\/v2\/posts\/20294","targetHints":{"allow":["GET"]}}],"collection":[{"href":"https:\/\/infovera.com.ar\/web\/wp-json\/wp\/v2\/posts"}],"about":[{"href":"https:\/\/infovera.com.ar\/web\/wp-json\/wp\/v2\/types\/post"}],"author":[{"embeddable":true,"href":"https:\/\/infovera.com.ar\/web\/wp-json\/wp\/v2\/users\/3"}],"replies":[{"embeddable":true,"href":"https:\/\/infovera.com.ar\/web\/wp-json\/wp\/v2\/comments?post=20294"}],"version-history":[{"count":0,"href":"https:\/\/infovera.com.ar\/web\/wp-json\/wp\/v2\/posts\/20294\/revisions"}],"wp:featuredmedia":[{"embeddable":true,"href":"https:\/\/infovera.com.ar\/web\/wp-json\/wp\/v2\/media\/20296"}],"wp:attachment":[{"href":"https:\/\/infovera.com.ar\/web\/wp-json\/wp\/v2\/media?parent=20294"}],"wp:term":[{"taxonomy":"category","embeddable":true,"href":"https:\/\/infovera.com.ar\/web\/wp-json\/wp\/v2\/categories?post=20294"},{"taxonomy":"post_tag","embeddable":true,"href":"https:\/\/infovera.com.ar\/web\/wp-json\/wp\/v2\/tags?post=20294"}],"curies":[{"name":"wp","href":"https:\/\/api.w.org\/{rel}","templated":true}]}}