{"id":20283,"date":"2021-05-07T08:38:01","date_gmt":"2021-05-07T11:38:01","guid":{"rendered":"https:\/\/infovera.com.ar\/web\/?p=20283"},"modified":"2021-05-07T08:38:01","modified_gmt":"2021-05-07T11:38:01","slug":"pesar-por-el-fallecimiento-de-tino-casale","status":"publish","type":"post","link":"https:\/\/infovera.com.ar\/web\/2021\/05\/07\/pesar-por-el-fallecimiento-de-tino-casale\/","title":{"rendered":"Pesar por el fallecimiento de &#8220;Tino&#8221; Casale"},"content":{"rendered":"<p><strong>El locutor y periodista falleci\u00f3 a la 1:30 de hoy. Hab\u00eda sufrido un ACV y estaba internado en el Nuevo Hospital de Reconquista.<\/strong><\/p>\n<p>As\u00ed lo despidieron sus amigos y colegas de FM Nativa donde condujo por d\u00e9cadas el programa &#8220;Noche de Brujas&#8221;:<\/p>\n<p>VUELA ALTO QUERIDO AMIGO<br \/>\nAsi te recordaremos siempre&#8230;<br \/>\nCon esa sonrisa p\u00edcara&#8230; ese chiste corto&#8230;<br \/>\nLas BRUJAS DE TU NOCHE extra\u00f1ar\u00e1n tu m\u00fasica.<br \/>\nEl ambiente tuerca silenciar\u00e1 por un momento sus motores&#8230; pero enseguida los har\u00e1n BRAMAR m\u00e1s FUERTE QUE NUNCA&#8230;.<br \/>\nTus incontables amigos&#8230; aquellos de esas noches de asado y guitarra te evocar\u00e1n levantando sus copas bien arriba&#8230;.<br \/>\nEl estudio de NATIVA se notar\u00e1 vac\u00edo, y a nosotros los que lo habitamos nos inundar\u00e1 la pena&#8230;<br \/>\nPero todos sabemos&#8230; que est\u00e9s donde est\u00e9s nos estar\u00e1s acompa\u00f1ando&#8230;<br \/>\nQUERIDO TINO<br \/>\nVUELA ALTO&#8230; y en ese volar&#8230;<br \/>\nHAZ QUE SUENE BIEN FUERTE LA TROMPETA&#8230;<br \/>\nQUE EL RAZGUIDO DE TU GUITARRA SUENE EN EL INFINITO<br \/>\nY que TU VOZ&#8230;<br \/>\nLa de tantas locuciones<br \/>\nLa de tantas transmisiones<br \/>\nNOS ACAMPA\u00d1E POR SIEMPRE<br \/>\nQUE DESCANSES EN PAZ !<\/p>\n","protected":false},"excerpt":{"rendered":"<p>El locutor y periodista falleci\u00f3 a la 1:30 de hoy. Hab\u00eda sufrido un ACV y estaba internado en el Nuevo Hospital de Reconquista. As\u00ed lo despidieron sus amigos y colegas de FM Nativa donde condujo por d\u00e9cadas el programa &#8220;Noche de Brujas&#8221;: VUELA ALTO QUERIDO AMIGO Asi te recordaremos siempre&#8230; Con esa sonrisa p\u00edcara&#8230; ese [&hellip;]<\/p>\n","protected":false},"author":3,"featured_media":20284,"comment_status":"open","ping_status":"open","sticky":false,"template":"","format":"standard","meta":{"_joinchat":[],"footnotes":""},"categories":[55],"tags":[],"class_list":{"0":"post-20283","1":"post","2":"type-post","3":"status-publish","4":"format-standard","5":"has-post-thumbnail","7":"category-reconquista"},"_links":{"self":[{"href":"https:\/\/infovera.com.ar\/web\/wp-json\/wp\/v2\/posts\/20283","targetHints":{"allow":["GET"]}}],"collection":[{"href":"https:\/\/infovera.com.ar\/web\/wp-json\/wp\/v2\/posts"}],"about":[{"href":"https:\/\/infovera.com.ar\/web\/wp-json\/wp\/v2\/types\/post"}],"author":[{"embeddable":true,"href":"https:\/\/infovera.com.ar\/web\/wp-json\/wp\/v2\/users\/3"}],"replies":[{"embeddable":true,"href":"https:\/\/infovera.com.ar\/web\/wp-json\/wp\/v2\/comments?post=20283"}],"version-history":[{"count":0,"href":"https:\/\/infovera.com.ar\/web\/wp-json\/wp\/v2\/posts\/20283\/revisions"}],"wp:featuredmedia":[{"embeddable":true,"href":"https:\/\/infovera.com.ar\/web\/wp-json\/wp\/v2\/media\/20284"}],"wp:attachment":[{"href":"https:\/\/infovera.com.ar\/web\/wp-json\/wp\/v2\/media?parent=20283"}],"wp:term":[{"taxonomy":"category","embeddable":true,"href":"https:\/\/infovera.com.ar\/web\/wp-json\/wp\/v2\/categories?post=20283"},{"taxonomy":"post_tag","embeddable":true,"href":"https:\/\/infovera.com.ar\/web\/wp-json\/wp\/v2\/tags?post=20283"}],"curies":[{"name":"wp","href":"https:\/\/api.w.org\/{rel}","templated":true}]}}