{"id":20273,"date":"2021-05-06T21:03:22","date_gmt":"2021-05-07T00:03:22","guid":{"rendered":"https:\/\/infovera.com.ar\/web\/?p=20273"},"modified":"2021-05-06T21:10:30","modified_gmt":"2021-05-07T00:10:30","slug":"la-provincia-recibio-29-respiradores-nuevos-y-envio-uno-a-un-centro-privado-de-reconqista","status":"publish","type":"post","link":"https:\/\/infovera.com.ar\/web\/2021\/05\/06\/la-provincia-recibio-29-respiradores-nuevos-y-envio-uno-a-un-centro-privado-de-reconqista\/","title":{"rendered":"La provincia recibi\u00f3 29 respiradores nuevos y envi\u00f3 uno a un centro privado de Reconquista"},"content":{"rendered":"<p><strong>Llegaron hoy y permitir\u00e1n ampliar las unidades de terapia intensiva.<\/strong><\/p>\n<p>La provincia de Santa Fe recibi\u00f3, hoy jueves, 29 respiradores autom\u00e1ticos nuevos, enviados para reforzar la atenci\u00f3n de los pacientes con cuadros graves de Covid-19 y se distribuyeron en efectores de alta complejidad (tercer nivel) en cuatro regiones de Salud.<\/p>\n<p>La distribuci\u00f3n se realiz\u00f3 teniendo en cuenta la cantidad de casos reportados en cada una de ellas, la ocupaci\u00f3n de camas cr\u00edticas disponibles en sus \u00e1reas de influencia, la densidad poblacional, su cercan\u00eda con otras localidades, entre otras variables epidemiol\u00f3gicas. Los mismos fueron distribuidos equitativamente y de modo estrat\u00e9gico en zonas claves a lo largo y a lo ancho del territorio provincial.<\/p>\n<p>De este modo, a la regi\u00f3n Rosario se enviaron 9 dispositivos para asistencia respiratoria mec\u00e1nica (ARM), de los cuales 2 se destinaron en el hospital Clemente \u00c1lvarez y 7 a efectores privados.<\/p>\n<p>A la regi\u00f3n Santa Fe 14, de las cuales 2 fueron al hospital Iturraspe nuevo y 4 al Iturraspe viejo. Mientras, 8 se destinaron al Cullen.<\/p>\n<p><strong>Uno fue enviado a la regi\u00f3n Reconquista a un efector privado de alta complejidad. \u00a0<\/strong><\/p>\n<p>Y finalmente, 5 respiradores al hospital Jaime Ferr\u00e9 en la regi\u00f3n Rafaela.<\/p>\n<p><strong>DISPONIBLES EN LA RED PROVINCIAL PARA DERIVACIONES<\/strong><\/p>\n<p>Al respecto, el director provincial de Tercer Nivel de Atenci\u00f3n del Ministerio de Salud, Rodrigo Mediavilla, destac\u00f3: \u201cSalud de naci\u00f3n nos otorg\u00f3 29 respiradores que van a servir para ampliar la capacidad cr\u00edtica de toda la provincia en aquellas ciudades y regiones en donde el nivel de contagios es muy alto. Nos referimos al tri\u00e1ngulo hipercr\u00edtico que conforman Rosario, Santa Fe y Rafaela en donde el nivel de ocupaci\u00f3n de camas de UTI es del 93, 98 y 97 por ciento, respectivamente\u201d.<\/p>\n<p>\u201cEstos respiradores van a servir tanto para ARM invasiva (intubaci\u00f3n orotraqueal), o bien para lo que llamamos de \u2018alto flujo de ox\u00edgeno\u2019, o mediante cascos helmet, que son no invasivas. Se trata de dispositivos con la mejor tecnolog\u00eda existente\u201d, profundiz\u00f3 el funcionario.<\/p>\n<p>Mediavilla destac\u00f3 que los respiradores que cada efector recibi\u00f3 hoy \u201ca las 20 horas estar\u00e1n operativos, y registrados como disponibles en el sistema de informaci\u00f3n de la red de emergencias y traslados de pacientes\u201d.<\/p>\n<p>\u201cTodo esto nos permite \u2013agreg\u00f3 el director provincial\u2013 conocer el estado de ocupaci\u00f3n de camas cr\u00edticas en tiempo real, minuto a minuto, desde cualquier lugar de la provincia; y realizar las internaciones y derivaciones seg\u00fan esa disponibilidad\u201d.<\/p>\n<p><strong>AMPLIACI\u00d3N DE CAMAS CR\u00cdTICAS<\/strong><\/p>\n<p>Adem\u00e1s, Rodrigo Mediavilla destac\u00f3 que en el marco de la ampliaci\u00f3n de camas cr\u00edticas que viene realizando la provincia de Santa Fe desde el comienzo de la pandemia: \u201cEl de hoy es un paso fundamental para hacer frente a la segunda ola de contagios\u201d; y record\u00f3 que las camas cr\u00edticas \u201caumentaron un 300 por ciento desde marzo de 2020 a la fecha, en promedio. Pero hubo \u00e1reas en donde se han aumentado en un 500 o 600 por ciento, como sucedi\u00f3 en la regi\u00f3n Rafaela\u201d.<\/p>\n","protected":false},"excerpt":{"rendered":"<p>Llegaron hoy y permitir\u00e1n ampliar las unidades de terapia intensiva. La provincia de Santa Fe recibi\u00f3, hoy jueves, 29 respiradores autom\u00e1ticos nuevos, enviados para reforzar la atenci\u00f3n de los pacientes con cuadros graves de Covid-19 y se distribuyeron en efectores de alta complejidad (tercer nivel) en cuatro regiones de Salud. La distribuci\u00f3n se realiz\u00f3 teniendo [&hellip;]<\/p>\n","protected":false},"author":3,"featured_media":20274,"comment_status":"open","ping_status":"open","sticky":false,"template":"","format":"standard","meta":{"_joinchat":[],"footnotes":""},"categories":[55],"tags":[],"class_list":{"0":"post-20273","1":"post","2":"type-post","3":"status-publish","4":"format-standard","5":"has-post-thumbnail","7":"category-reconquista"},"_links":{"self":[{"href":"https:\/\/infovera.com.ar\/web\/wp-json\/wp\/v2\/posts\/20273","targetHints":{"allow":["GET"]}}],"collection":[{"href":"https:\/\/infovera.com.ar\/web\/wp-json\/wp\/v2\/posts"}],"about":[{"href":"https:\/\/infovera.com.ar\/web\/wp-json\/wp\/v2\/types\/post"}],"author":[{"embeddable":true,"href":"https:\/\/infovera.com.ar\/web\/wp-json\/wp\/v2\/users\/3"}],"replies":[{"embeddable":true,"href":"https:\/\/infovera.com.ar\/web\/wp-json\/wp\/v2\/comments?post=20273"}],"version-history":[{"count":0,"href":"https:\/\/infovera.com.ar\/web\/wp-json\/wp\/v2\/posts\/20273\/revisions"}],"wp:featuredmedia":[{"embeddable":true,"href":"https:\/\/infovera.com.ar\/web\/wp-json\/wp\/v2\/media\/20274"}],"wp:attachment":[{"href":"https:\/\/infovera.com.ar\/web\/wp-json\/wp\/v2\/media?parent=20273"}],"wp:term":[{"taxonomy":"category","embeddable":true,"href":"https:\/\/infovera.com.ar\/web\/wp-json\/wp\/v2\/categories?post=20273"},{"taxonomy":"post_tag","embeddable":true,"href":"https:\/\/infovera.com.ar\/web\/wp-json\/wp\/v2\/tags?post=20273"}],"curies":[{"name":"wp","href":"https:\/\/api.w.org\/{rel}","templated":true}]}}