{"id":20245,"date":"2021-05-06T13:48:48","date_gmt":"2021-05-06T16:48:48","guid":{"rendered":"https:\/\/infovera.com.ar\/web\/?p=20245"},"modified":"2021-05-06T13:48:49","modified_gmt":"2021-05-06T16:48:49","slug":"se-cumplieron-5-anos-del-fallecimiento-de-manuel-munoz","status":"publish","type":"post","link":"https:\/\/infovera.com.ar\/web\/2021\/05\/06\/se-cumplieron-5-anos-del-fallecimiento-de-manuel-munoz\/","title":{"rendered":"Se cumplieron 5 a\u00f1os del fallecimiento de Manuel Mu\u00f1oz"},"content":{"rendered":"<p><strong>El ex presidente comunal de Garabato falleci\u00f3 el 5 de mayo de 2016.<\/strong><\/p>\n<p>Su viuda, Belkis Villalba, lo record\u00f3 en las redes: &#8220;Cinco a\u00f1os sin vos&#8221;, escribi\u00f3, junto a una imagen de recordado dirigente pol\u00edtico norte\u00f1o.<\/p>\n<p>Aquel d\u00eda se public\u00f3 en <strong>InfoVera<\/strong>:<\/p>\n<p>El presidente comunal de Garabato (departamento Vera), Manuel Mu\u00f1oz, falleci\u00f3 a las 21 en el Hospital Central de Reconquista como consecuencia de una descompensaci\u00f3n card\u00edaca. Ten\u00eda 78 a\u00f1os.<\/p>\n<p>Mu\u00f1oz gobern\u00f3 la localidad ubicada en el norte verense desde 1987 hasta la fecha en forma ininterrumpida, acumulando 16 per\u00edodos consecutivos (casi 30 a\u00f1os) como presidente comunal.<\/p>\n<p>Mu\u00f1oz, quien estaba casado con Belkis Villalba y ten\u00eda 3 hijos, ser\u00e1 recordado como un l\u00edder hist\u00f3rico del peronismo departamental, con un sereno carisma y una capacidad pol\u00edtica que le valoraban tanto propios como adversarios.<\/p>\n<p>La dirigencia pol\u00edtica expres\u00f3 sus condolencias por su desaparici\u00f3n f\u00edsica, entre ellos el senador Hugo Pucheta, el intendente de Calchaqu\u00ed, Rub\u00e9n Cuello, y el concejal mandato cumplido, Sixto Gonz\u00e1lez.<\/p>\n<p>&nbsp;<\/p>\n","protected":false},"excerpt":{"rendered":"<p>El ex presidente comunal de Garabato falleci\u00f3 el 5 de mayo de 2016. Su viuda, Belkis Villalba, lo record\u00f3 en las redes: &#8220;Cinco a\u00f1os sin vos&#8221;, escribi\u00f3, junto a una imagen de recordado dirigente pol\u00edtico norte\u00f1o. Aquel d\u00eda se public\u00f3 en InfoVera: El presidente comunal de Garabato (departamento Vera), Manuel Mu\u00f1oz, falleci\u00f3 a las 21 [&hellip;]<\/p>\n","protected":false},"author":3,"featured_media":20246,"comment_status":"open","ping_status":"open","sticky":false,"template":"","format":"standard","meta":{"_joinchat":[],"footnotes":""},"categories":[51],"tags":[],"class_list":{"0":"post-20245","1":"post","2":"type-post","3":"status-publish","4":"format-standard","5":"has-post-thumbnail","7":"category-locales"},"_links":{"self":[{"href":"https:\/\/infovera.com.ar\/web\/wp-json\/wp\/v2\/posts\/20245","targetHints":{"allow":["GET"]}}],"collection":[{"href":"https:\/\/infovera.com.ar\/web\/wp-json\/wp\/v2\/posts"}],"about":[{"href":"https:\/\/infovera.com.ar\/web\/wp-json\/wp\/v2\/types\/post"}],"author":[{"embeddable":true,"href":"https:\/\/infovera.com.ar\/web\/wp-json\/wp\/v2\/users\/3"}],"replies":[{"embeddable":true,"href":"https:\/\/infovera.com.ar\/web\/wp-json\/wp\/v2\/comments?post=20245"}],"version-history":[{"count":0,"href":"https:\/\/infovera.com.ar\/web\/wp-json\/wp\/v2\/posts\/20245\/revisions"}],"wp:featuredmedia":[{"embeddable":true,"href":"https:\/\/infovera.com.ar\/web\/wp-json\/wp\/v2\/media\/20246"}],"wp:attachment":[{"href":"https:\/\/infovera.com.ar\/web\/wp-json\/wp\/v2\/media?parent=20245"}],"wp:term":[{"taxonomy":"category","embeddable":true,"href":"https:\/\/infovera.com.ar\/web\/wp-json\/wp\/v2\/categories?post=20245"},{"taxonomy":"post_tag","embeddable":true,"href":"https:\/\/infovera.com.ar\/web\/wp-json\/wp\/v2\/tags?post=20245"}],"curies":[{"name":"wp","href":"https:\/\/api.w.org\/{rel}","templated":true}]}}