{"id":20165,"date":"2021-05-05T11:30:23","date_gmt":"2021-05-05T14:30:23","guid":{"rendered":"https:\/\/infovera.com.ar\/web\/?p=20165"},"modified":"2021-05-05T21:27:29","modified_gmt":"2021-05-06T00:27:29","slug":"el-concejo-pidio-la-presencia-del-juez-de-faltas-por-el-preocupante-estado-del-transito","status":"publish","type":"post","link":"https:\/\/infovera.com.ar\/web\/2021\/05\/05\/el-concejo-pidio-la-presencia-del-juez-de-faltas-por-el-preocupante-estado-del-transito\/","title":{"rendered":"Vera: el Concejo pidi\u00f3 la presencia del juez de Faltas por el preocupante estado del tr\u00e1nsito"},"content":{"rendered":"<p><strong>En la sesi\u00f3n de anoche martes 04\/05\/2021, entre otros temas el Concejo Municipal dio tratamiento y resoluci\u00f3n a varios proyectos.<\/strong><\/p>\n<p>La Minuta de Comunicaci\u00f3n del Bloque Sumemos Esfuerzos solicitando al Ejecutivo, a trav\u00e9s de la Subsecretaria de Seguridad y Control Urbano, que se implementen nuevamente los controles preventivos de tr\u00e1nsito, pas\u00f3 a comisi\u00f3n donde se pidi\u00f3 la presencia del Juez de Faltas y el Secretario de Seguridad y Control Urbano.<\/p>\n<p>&#8220;Este pedido es a ra\u00edz de innumerables reclamos recibido por este bloque sobre motociclistas que circulan sin luz, a alta velocidad, con escapes libres, sin casco, etc. Provocando muchas veces accidentes de tr\u00e1nsito o poniendo en riesgo la vida de terceros&#8221;, argumentaron los concejales Javier Barbona y Eliana Tedini.<\/p>\n<p>Luego, fue aprobado por unanimidad y elevado al Ejecutivo para su realizaci\u00f3n un Proyecto de Comunicaci\u00f3n. tambi\u00e9n de SE, solicitando al Ejecutivo realizar a trav\u00e9s del \u00e1rea correspondiente, desag\u00fces pluviales en la intersecci\u00f3n de las calles Lavalle y Juan de Garay.<\/p>\n<p>OTROS TEMAS TRATADOS<\/p>\n<p>El Ejecutivo envi\u00f3 al Concejo las cuentas del ejercicio vencido cerrado el 31\/12\/2020 aunque no as\u00ed los comprobantes. El tema pas\u00f3 a comisi\u00f3n para su tratamiento.<\/p>\n<p>Adem\u00e1s, se trataron varias notas (propietarios de locales gastron\u00f3micos, Ejecutivo Municipal, intendentes de Avellaneda y Reconquista) solicitando el tratamiento y acompa\u00f1amiento del pedido al Ejecutivo Provincial de la extensi\u00f3n horaria de circulaci\u00f3n sobre todo para algunos rubros como el gastron\u00f3mico, etc.<\/p>\n<p>Por \u00faltimo, se aprob\u00f3 una Minuta de Comunicaci\u00f3n del bloque del FPCyS solicitando al Ejecutivo la necesidad de preservar los espacios p\u00fablicos, obras p\u00fablicas y monumentos de nuestra ciudad.<\/p>\n","protected":false},"excerpt":{"rendered":"<p>En la sesi\u00f3n de anoche martes 04\/05\/2021, entre otros temas el Concejo Municipal dio tratamiento y resoluci\u00f3n a varios proyectos. La Minuta de Comunicaci\u00f3n del Bloque Sumemos Esfuerzos solicitando al Ejecutivo, a trav\u00e9s de la Subsecretaria de Seguridad y Control Urbano, que se implementen nuevamente los controles preventivos de tr\u00e1nsito, pas\u00f3 a comisi\u00f3n donde se [&hellip;]<\/p>\n","protected":false},"author":3,"featured_media":20166,"comment_status":"open","ping_status":"open","sticky":false,"template":"","format":"standard","meta":{"_joinchat":[],"footnotes":""},"categories":[53],"tags":[],"class_list":{"0":"post-20165","1":"post","2":"type-post","3":"status-publish","4":"format-standard","5":"has-post-thumbnail","7":"category-vera"},"_links":{"self":[{"href":"https:\/\/infovera.com.ar\/web\/wp-json\/wp\/v2\/posts\/20165","targetHints":{"allow":["GET"]}}],"collection":[{"href":"https:\/\/infovera.com.ar\/web\/wp-json\/wp\/v2\/posts"}],"about":[{"href":"https:\/\/infovera.com.ar\/web\/wp-json\/wp\/v2\/types\/post"}],"author":[{"embeddable":true,"href":"https:\/\/infovera.com.ar\/web\/wp-json\/wp\/v2\/users\/3"}],"replies":[{"embeddable":true,"href":"https:\/\/infovera.com.ar\/web\/wp-json\/wp\/v2\/comments?post=20165"}],"version-history":[{"count":0,"href":"https:\/\/infovera.com.ar\/web\/wp-json\/wp\/v2\/posts\/20165\/revisions"}],"wp:featuredmedia":[{"embeddable":true,"href":"https:\/\/infovera.com.ar\/web\/wp-json\/wp\/v2\/media\/20166"}],"wp:attachment":[{"href":"https:\/\/infovera.com.ar\/web\/wp-json\/wp\/v2\/media?parent=20165"}],"wp:term":[{"taxonomy":"category","embeddable":true,"href":"https:\/\/infovera.com.ar\/web\/wp-json\/wp\/v2\/categories?post=20165"},{"taxonomy":"post_tag","embeddable":true,"href":"https:\/\/infovera.com.ar\/web\/wp-json\/wp\/v2\/tags?post=20165"}],"curies":[{"name":"wp","href":"https:\/\/api.w.org\/{rel}","templated":true}]}}