{"id":20131,"date":"2021-05-04T12:03:15","date_gmt":"2021-05-04T15:03:15","guid":{"rendered":"https:\/\/infovera.com.ar\/web\/?p=20131"},"modified":"2021-05-04T12:03:15","modified_gmt":"2021-05-04T15:03:15","slug":"estable-dentro-de-su-cuadro-critico-el-parte-medico-de-lifschitz","status":"publish","type":"post","link":"https:\/\/infovera.com.ar\/web\/2021\/05\/04\/estable-dentro-de-su-cuadro-critico-el-parte-medico-de-lifschitz\/","title":{"rendered":"&#8220;Estable dentro de su cuadro cr\u00edtico&#8221;, el parte m\u00e9dico de Lifschitz"},"content":{"rendered":"<p><strong>Parte m\u00e9dico de Miguel Lifschitz:<\/strong><\/p>\n<p>El Ing. Miguel Lifschitz permaneci\u00f3 estable en las \u00faltimas 24 horas, en el marco de su cuadro cr\u00edtico, por un compromiso pulmonar a causa del Covid 19 que cursa.<\/p>\n<p>Contin\u00faa internado en sala de cuidados intensivos, con las mismas estrategias cl\u00ednicas, contando con el apoyo de asistencia mec\u00e1nica respiratoria y todos los soportes m\u00e9dicos correspondientes.<\/p>\n","protected":false},"excerpt":{"rendered":"<p>Parte m\u00e9dico de Miguel Lifschitz: El Ing. Miguel Lifschitz permaneci\u00f3 estable en las \u00faltimas 24 horas, en el marco de su cuadro cr\u00edtico, por un compromiso pulmonar a causa del Covid 19 que cursa. Contin\u00faa internado en sala de cuidados intensivos, con las mismas estrategias cl\u00ednicas, contando con el apoyo de asistencia mec\u00e1nica respiratoria y [&hellip;]<\/p>\n","protected":false},"author":3,"featured_media":20132,"comment_status":"open","ping_status":"open","sticky":false,"template":"","format":"standard","meta":{"_joinchat":[],"footnotes":""},"categories":[60],"tags":[],"class_list":{"0":"post-20131","1":"post","2":"type-post","3":"status-publish","4":"format-standard","5":"has-post-thumbnail","7":"category-provinciales"},"_links":{"self":[{"href":"https:\/\/infovera.com.ar\/web\/wp-json\/wp\/v2\/posts\/20131","targetHints":{"allow":["GET"]}}],"collection":[{"href":"https:\/\/infovera.com.ar\/web\/wp-json\/wp\/v2\/posts"}],"about":[{"href":"https:\/\/infovera.com.ar\/web\/wp-json\/wp\/v2\/types\/post"}],"author":[{"embeddable":true,"href":"https:\/\/infovera.com.ar\/web\/wp-json\/wp\/v2\/users\/3"}],"replies":[{"embeddable":true,"href":"https:\/\/infovera.com.ar\/web\/wp-json\/wp\/v2\/comments?post=20131"}],"version-history":[{"count":0,"href":"https:\/\/infovera.com.ar\/web\/wp-json\/wp\/v2\/posts\/20131\/revisions"}],"wp:featuredmedia":[{"embeddable":true,"href":"https:\/\/infovera.com.ar\/web\/wp-json\/wp\/v2\/media\/20132"}],"wp:attachment":[{"href":"https:\/\/infovera.com.ar\/web\/wp-json\/wp\/v2\/media?parent=20131"}],"wp:term":[{"taxonomy":"category","embeddable":true,"href":"https:\/\/infovera.com.ar\/web\/wp-json\/wp\/v2\/categories?post=20131"},{"taxonomy":"post_tag","embeddable":true,"href":"https:\/\/infovera.com.ar\/web\/wp-json\/wp\/v2\/tags?post=20131"}],"curies":[{"name":"wp","href":"https:\/\/api.w.org\/{rel}","templated":true}]}}