{"id":20106,"date":"2021-05-03T19:01:48","date_gmt":"2021-05-03T22:01:48","guid":{"rendered":"https:\/\/infovera.com.ar\/web\/?p=20106"},"modified":"2021-05-03T19:01:48","modified_gmt":"2021-05-03T22:01:48","slug":"actividad-institucional-del-senador-sosa","status":"publish","type":"post","link":"https:\/\/infovera.com.ar\/web\/2021\/05\/03\/actividad-institucional-del-senador-sosa\/","title":{"rendered":"Actividad institucional del senador Sosa"},"content":{"rendered":"<p><strong>El senador Osvaldo Sosa visit\u00f3 el Club Ferrocarril de la ciudad de Vera y -junto a integrantes de la comisi\u00f3n directiva de la instituci\u00f3n- recorri\u00f3 la obra correspondiente a la nueva tribuna del estadio.<\/strong><\/p>\n<p>Adem\u00e1s, hizo entrega de un aporte econ\u00f3mico al club y se comprometi\u00f3 a colaborar con la culminaci\u00f3n de la tribuna.<\/p>\n<p>\u201cEl ejercicio constante y a diario con las instituciones deportivas nos permite seguir planificando y proyectando a futuro, beneficiando a la contenci\u00f3n social que los clubes realizan\u201d, indic\u00f3.<\/p>\n<p>Reconoci\u00f3 que \u201cla dif\u00edcil situaci\u00f3n econ\u00f3mica, nos exige optimizar los recursos para seguir acompa\u00f1amiento a las instituciones en las diferentes actividades sociales que realizan en beneficio de la sociedad\u201d.<\/p>\n<p>En la Casa del Senado, procedi\u00f3 a entregar un aporte econ\u00f3mico a la \u201cAsociaci\u00f3n Civil Construir\u201d, que administra el comedor San Mart\u00edn de Porres, que brinda contenci\u00f3n alimentaria a los m\u00e1s vulnerables.<\/p>\n<p>\u201cTenemos la responsabilidad y el compromiso en apoyar iniciativas que requieren de celeridad en su atenci\u00f3n\u201d, se\u00f1al\u00f3.<\/p>\n<p>Sosa tambi\u00e9n salud\u00f3 a la comunidad educativa del CER 605, de Campo Rotela en su 55\u00b0 Aniversario, y renov\u00f3 su compromiso de seguir trabajando juntos.<\/p>\n<p>Finalmente, lament\u00f3 profundamente la desaparici\u00f3n de Alcira Argumedo, a quien record\u00f3\u00a0 cuando \u201cnos visit\u00f3 en uno de los congresos realizados por el Colegio N\u00b042 de la ciudad de Vera\u201d.<\/p>\n<p>\u201cCon su muerte nuestro pa\u00eds pierde a una persona valiosa, pero nos queda su legado para seguir en la senda del conocimiento y los valores\u201d, remarc\u00f3.<\/p>\n","protected":false},"excerpt":{"rendered":"<p>El senador Osvaldo Sosa visit\u00f3 el Club Ferrocarril de la ciudad de Vera y -junto a integrantes de la comisi\u00f3n directiva de la instituci\u00f3n- recorri\u00f3 la obra correspondiente a la nueva tribuna del estadio. Adem\u00e1s, hizo entrega de un aporte econ\u00f3mico al club y se comprometi\u00f3 a colaborar con la culminaci\u00f3n de la tribuna. \u201cEl [&hellip;]<\/p>\n","protected":false},"author":3,"featured_media":20108,"comment_status":"open","ping_status":"open","sticky":false,"template":"","format":"standard","meta":{"_joinchat":[],"footnotes":""},"categories":[53],"tags":[],"class_list":{"0":"post-20106","1":"post","2":"type-post","3":"status-publish","4":"format-standard","5":"has-post-thumbnail","7":"category-vera"},"_links":{"self":[{"href":"https:\/\/infovera.com.ar\/web\/wp-json\/wp\/v2\/posts\/20106","targetHints":{"allow":["GET"]}}],"collection":[{"href":"https:\/\/infovera.com.ar\/web\/wp-json\/wp\/v2\/posts"}],"about":[{"href":"https:\/\/infovera.com.ar\/web\/wp-json\/wp\/v2\/types\/post"}],"author":[{"embeddable":true,"href":"https:\/\/infovera.com.ar\/web\/wp-json\/wp\/v2\/users\/3"}],"replies":[{"embeddable":true,"href":"https:\/\/infovera.com.ar\/web\/wp-json\/wp\/v2\/comments?post=20106"}],"version-history":[{"count":0,"href":"https:\/\/infovera.com.ar\/web\/wp-json\/wp\/v2\/posts\/20106\/revisions"}],"wp:featuredmedia":[{"embeddable":true,"href":"https:\/\/infovera.com.ar\/web\/wp-json\/wp\/v2\/media\/20108"}],"wp:attachment":[{"href":"https:\/\/infovera.com.ar\/web\/wp-json\/wp\/v2\/media?parent=20106"}],"wp:term":[{"taxonomy":"category","embeddable":true,"href":"https:\/\/infovera.com.ar\/web\/wp-json\/wp\/v2\/categories?post=20106"},{"taxonomy":"post_tag","embeddable":true,"href":"https:\/\/infovera.com.ar\/web\/wp-json\/wp\/v2\/tags?post=20106"}],"curies":[{"name":"wp","href":"https:\/\/api.w.org\/{rel}","templated":true}]}}