{"id":20100,"date":"2021-05-03T13:05:36","date_gmt":"2021-05-03T16:05:36","guid":{"rendered":"https:\/\/infovera.com.ar\/web\/?p=20100"},"modified":"2021-05-03T13:05:36","modified_gmt":"2021-05-03T16:05:36","slug":"vera-y-pintado-pelea-en-un-bar-termino-con-ocho-lesionados","status":"publish","type":"post","link":"https:\/\/infovera.com.ar\/web\/2021\/05\/03\/vera-y-pintado-pelea-en-un-bar-termino-con-ocho-lesionados\/","title":{"rendered":"Vera y Pintado: pelea en un bar termin\u00f3 con ocho lesionados"},"content":{"rendered":"<p><strong>Ocho personas fueron trasladadas al hospital de Gobernador Crespo por lesiones y luego se les form\u00f3 causa por circular en horario no permitido.<\/strong><\/p>\n<p>Cuatro mujeres y cuatro hombres de la localidad de Vera y Pintado, en el departamento San Justo, protagonizaron el \u00faltimo fin de semana una gresca de magnitud, por la cual debieron recibir asistencia m\u00e9dica y luego se les abri\u00f3 causa penal por distintos delitos.<\/p>\n<p>La oficina de Relaciones Policiales de la Unidad Regional XVI calific\u00f3 el hecho como &#8220;pelea callejera&#8221;, por la cual debieron intervenir efectivos de la Comisar\u00eda 8\u00b0 de Vera y Pintado, con la colaboraci\u00f3n de la Comisar\u00eda 7\u00b0 de La Criolla.<\/p>\n<p>&#8220;El s\u00e1bado por la noche, se recibi\u00f3 un llamado telef\u00f3nico dando cuenta que, en la v\u00eda p\u00fablica, cerca del bar La Cueva, se estaba produciendo una pelea callejera. En virtud de esto se hizo presente en el lugar el personal de Comisar\u00eda 8\u00b0 de dicha localidad, quienes con colaboraci\u00f3n de personal policial de Comisar\u00eda 7\u00b0 de la Criolla constataron dicha situaci\u00f3n de violencia que era protagonizada por varias personas de ambos sexos&#8221;, narra la autoridad policial.<\/p>\n<p><img loading=\"lazy\" decoding=\"async\" class=\" wp-image-19990 aligncenter\" src=\"https:\/\/infovera.com.ar\/web\/wp-content\/uploads\/2021\/05\/ACOSTA-3-300x54.jpg\" alt=\"\" width=\"567\" height=\"102\" srcset=\"https:\/\/infovera.com.ar\/web\/wp-content\/uploads\/2021\/05\/ACOSTA-3-300x54.jpg 300w, https:\/\/infovera.com.ar\/web\/wp-content\/uploads\/2021\/05\/ACOSTA-3.jpg 670w\" sizes=\"auto, (max-width: 567px) 100vw, 567px\" \/><\/p>\n<p><strong>Familias enemistadas<\/strong><\/p>\n<p>Por el caso, cuatro mujeres de 55, 41, 19 y 18 a\u00f1os de edad y cuatro hombres de 21, 22, 18 y 25 a\u00f1os terminaron con las esposas puestas. A causa de las lesiones propinadas mutuamente, fueron trasladados al hospital de Gobernador Crespo para su observaci\u00f3n m\u00e9dica, donde se certificaron lesiones de car\u00e1cter leves en todos los involucrados.<\/p>\n<p>Asimismo, los ocho quedaron a disposici\u00f3n del fiscal de San Justo, Guillermo Persello, donde se iniciaron actuaciones por el delito de &#8220;lesiones leves en ri\u00f1a&#8221; e &#8220;infracci\u00f3n a los art\u00edculos 205 y 239 del C\u00f3digo Penal Argentino&#8221;, esto \u00faltimo en el marco de las restricciones de circulaci\u00f3n por la pandemia.<\/p>\n<p>Seg\u00fan se cree, uno de los j\u00f3venes involucrados se encontraba haciendo una compra en el bar mencionado, cuando al salir se tom\u00f3 con un integrante de la familia con la que mantiene un viejo enfrentamiento. R\u00e1pidamente acudieron familiares de unos y otros, que se trenzaron en una violenta pelea, que termin\u00f3 con la oportuna intervenci\u00f3n de la polic\u00eda local.<\/p>\n<p>Fuente: El Litoral<\/p>\n","protected":false},"excerpt":{"rendered":"<p>Ocho personas fueron trasladadas al hospital de Gobernador Crespo por lesiones y luego se les form\u00f3 causa por circular en horario no permitido. Cuatro mujeres y cuatro hombres de la localidad de Vera y Pintado, en el departamento San Justo, protagonizaron el \u00faltimo fin de semana una gresca de magnitud, por la cual debieron recibir [&hellip;]<\/p>\n","protected":false},"author":3,"featured_media":20101,"comment_status":"open","ping_status":"open","sticky":false,"template":"","format":"standard","meta":{"_joinchat":[],"footnotes":""},"categories":[51,30],"tags":[],"class_list":{"0":"post-20100","1":"post","2":"type-post","3":"status-publish","4":"format-standard","5":"has-post-thumbnail","7":"category-locales","8":"category-policiales"},"_links":{"self":[{"href":"https:\/\/infovera.com.ar\/web\/wp-json\/wp\/v2\/posts\/20100","targetHints":{"allow":["GET"]}}],"collection":[{"href":"https:\/\/infovera.com.ar\/web\/wp-json\/wp\/v2\/posts"}],"about":[{"href":"https:\/\/infovera.com.ar\/web\/wp-json\/wp\/v2\/types\/post"}],"author":[{"embeddable":true,"href":"https:\/\/infovera.com.ar\/web\/wp-json\/wp\/v2\/users\/3"}],"replies":[{"embeddable":true,"href":"https:\/\/infovera.com.ar\/web\/wp-json\/wp\/v2\/comments?post=20100"}],"version-history":[{"count":0,"href":"https:\/\/infovera.com.ar\/web\/wp-json\/wp\/v2\/posts\/20100\/revisions"}],"wp:featuredmedia":[{"embeddable":true,"href":"https:\/\/infovera.com.ar\/web\/wp-json\/wp\/v2\/media\/20101"}],"wp:attachment":[{"href":"https:\/\/infovera.com.ar\/web\/wp-json\/wp\/v2\/media?parent=20100"}],"wp:term":[{"taxonomy":"category","embeddable":true,"href":"https:\/\/infovera.com.ar\/web\/wp-json\/wp\/v2\/categories?post=20100"},{"taxonomy":"post_tag","embeddable":true,"href":"https:\/\/infovera.com.ar\/web\/wp-json\/wp\/v2\/tags?post=20100"}],"curies":[{"name":"wp","href":"https:\/\/api.w.org\/{rel}","templated":true}]}}