{"id":20084,"date":"2021-05-03T12:31:43","date_gmt":"2021-05-03T15:31:43","guid":{"rendered":"https:\/\/infovera.com.ar\/web\/?p=20084"},"modified":"2021-05-03T12:31:43","modified_gmt":"2021-05-03T15:31:43","slug":"a-39-anos-del-bautismo-de-fuego-de-la-fuerza-aerea-video","status":"publish","type":"post","link":"https:\/\/infovera.com.ar\/web\/2021\/05\/03\/a-39-anos-del-bautismo-de-fuego-de-la-fuerza-aerea-video\/","title":{"rendered":"A 39 a\u00f1os del bautismo de fuego de la Fuerza A\u00e9rea (video)"},"content":{"rendered":"<p><strong>La Fuerza A\u00e9rea Argentina llev\u00f3 a cabo un acto conmemorativo con motivo de cumplirse 39 a\u00f1os de su Bautismo de Fuego, la primera acci\u00f3n en combate de la Instituci\u00f3n y que tuvo lugar durante el Conflicto del Atl\u00e1ntico Sur.<\/strong><\/p>\n<p>El evento se transmiti\u00f3 en vivo desde la IV Brigada A\u00e9rea \u201cEl Plumerillo\u201d, cuna de la aviaci\u00f3n de caza, con asiento en la provincia de Mendoza, a trav\u00e9s de los siguientes canales oficiales<\/p>\n<p>Este hito de la historia aeron\u00e1utica en el que su personal dio muestras de coraje, profesionalismo y valent\u00eda es el norte que gu\u00eda a quienes hoy forman parte de la Instituci\u00f3n y mantienen intacto el esp\u00edritu de Malvinas a trav\u00e9s de las tareas de apoyo a la comunidad en tiempos de pandemia.<\/p>\n<p><iframe loading=\"lazy\" title=\"CORTO INSTITUCIONAL 1 DE MAYO   BAUTISMO DE FUEGO\" width=\"696\" height=\"392\" src=\"https:\/\/www.youtube.com\/embed\/2dO2oQ_hBMs?feature=oembed\" frameborder=\"0\" allow=\"accelerometer; autoplay; clipboard-write; encrypted-media; gyroscope; picture-in-picture; web-share\" referrerpolicy=\"strict-origin-when-cross-origin\" allowfullscreen><\/iframe><\/p>\n<p>Por esta raz\u00f3n, la Fuerza A\u00e9rea Argentina record\u00f3 y homenaje\u00f3 a quienes con su ejemplo son fuente de inspiraci\u00f3n de las nuevas generaciones que sue\u00f1an con portal el uniforme de la Instituci\u00f3n.<\/p>\n<p><strong>SOBRE EL BAUTISMO DE FUEGO<\/strong><\/p>\n<p>Para conocer m\u00e1s sobre esta historia se puede ingresar a la siguiente infograf\u00eda interactiva: <strong><a href=\"https:\/\/bit.ly\/3sT5a2l\">https:\/\/bit.ly\/3sT5a2l<\/a><\/strong><\/p>\n","protected":false},"excerpt":{"rendered":"<p>La Fuerza A\u00e9rea Argentina llev\u00f3 a cabo un acto conmemorativo con motivo de cumplirse 39 a\u00f1os de su Bautismo de Fuego, la primera acci\u00f3n en combate de la Instituci\u00f3n y que tuvo lugar durante el Conflicto del Atl\u00e1ntico Sur. El evento se transmiti\u00f3 en vivo desde la IV Brigada A\u00e9rea \u201cEl Plumerillo\u201d, cuna de la [&hellip;]<\/p>\n","protected":false},"author":3,"featured_media":20090,"comment_status":"open","ping_status":"open","sticky":false,"template":"","format":"standard","meta":{"_joinchat":[],"footnotes":""},"categories":[55],"tags":[],"class_list":{"0":"post-20084","1":"post","2":"type-post","3":"status-publish","4":"format-standard","5":"has-post-thumbnail","7":"category-reconquista"},"_links":{"self":[{"href":"https:\/\/infovera.com.ar\/web\/wp-json\/wp\/v2\/posts\/20084","targetHints":{"allow":["GET"]}}],"collection":[{"href":"https:\/\/infovera.com.ar\/web\/wp-json\/wp\/v2\/posts"}],"about":[{"href":"https:\/\/infovera.com.ar\/web\/wp-json\/wp\/v2\/types\/post"}],"author":[{"embeddable":true,"href":"https:\/\/infovera.com.ar\/web\/wp-json\/wp\/v2\/users\/3"}],"replies":[{"embeddable":true,"href":"https:\/\/infovera.com.ar\/web\/wp-json\/wp\/v2\/comments?post=20084"}],"version-history":[{"count":0,"href":"https:\/\/infovera.com.ar\/web\/wp-json\/wp\/v2\/posts\/20084\/revisions"}],"wp:featuredmedia":[{"embeddable":true,"href":"https:\/\/infovera.com.ar\/web\/wp-json\/wp\/v2\/media\/20090"}],"wp:attachment":[{"href":"https:\/\/infovera.com.ar\/web\/wp-json\/wp\/v2\/media?parent=20084"}],"wp:term":[{"taxonomy":"category","embeddable":true,"href":"https:\/\/infovera.com.ar\/web\/wp-json\/wp\/v2\/categories?post=20084"},{"taxonomy":"post_tag","embeddable":true,"href":"https:\/\/infovera.com.ar\/web\/wp-json\/wp\/v2\/tags?post=20084"}],"curies":[{"name":"wp","href":"https:\/\/api.w.org\/{rel}","templated":true}]}}